{"id":12186,"date":"2025-05-08T11:31:00","date_gmt":"2025-05-08T16:31:00","guid":{"rendered":"https:\/\/digitalfamily.mx\/innovandojuntos\/?p=12186"},"modified":"2025-05-08T12:35:20","modified_gmt":"2025-05-08T17:35:20","slug":"influencers-y-desinformacion-en-redes-sociales","status":"publish","type":"post","link":"https:\/\/digitalfamily.mx\/innovandojuntos\/influencers-y-desinformacion-en-redes-sociales\/","title":{"rendered":"Influencers y desinformaci\u00f3n en redes sociales"},"content":{"rendered":"\n<p><strong>\u00bfSab\u00edas que hoy muchos j\u00f3venes conf\u00edan m\u00e1s en un influencer que en un medio de comunicaci\u00f3n?<\/strong><\/p>\n\n\n\n<p>Estudios en M\u00e9xico y Am\u00e9rica Latina muestran que l@s adolescentes ven a creadores de contenido como referentes informativos, emocionales y hasta morales. <\/p>\n\n\n\n<p>Por otro lado, seg\u00fan una investigaci\u00f3n a influencers sobre la credibilidad de la informaci\u00f3n que comparten en sus perfiles, los resultados solo demuestran que no se les puede ver como una fuente confiable de informaci\u00f3n. <strong>La UNESCO<\/strong> describe esta encuesta, la cual cont\u00f3 con 500 influencers de 45 pa\u00edses, como \u201cel primer an\u00e1lisis global de las motivaciones y pr\u00e1cticas de los creadores de contenido digital y de los desaf\u00edos a los que se enfrentan\u201d.<\/p>\n\n\n\n<p>De esta encuesta surge un dato muy importante: Seis de cada diez creadores de contenidos no verifican la informaci\u00f3n que publican, pero esto no lo saben sus seguidores, y es que muchas personas ven a influencers como \u201camigos\u201d, lo que genera confianza ciega. Esto hace que NO se cuestione la veracidad de lo que publican o recomiendan.<\/p>\n\n\n\n<h4 class=\"wp-block-heading\">Haz clic en la imagen para descargar m\u00e1s detalles sobre esta y otras encuestas.<\/h4>\n\n\n\n<figure class=\"wp-block-image size-large is-resized\"><a href=\"https:\/\/digitalfamily.mx\/innovandojuntos\/wp-content\/uploads\/2025\/05\/Influencers_y_desinformacion_en_redes_sociales.pdf\" target=\"_blank\" rel=\" noreferrer noopener\"><img loading=\"lazy\" decoding=\"async\" width=\"724\" height=\"1024\" src=\"https:\/\/digitalfamily.mx\/innovandojuntos\/wp-content\/uploads\/2025\/05\/Yellow-and-Orange-Illustrative-Self-Improvement-Infographic-Poster-1-724x1024.png\" alt=\"influencers y redes sociales\" class=\"wp-image-12188\" style=\"width:450px;height:auto\" srcset=\"https:\/\/digitalfamily.mx\/innovandojuntos\/wp-content\/uploads\/2025\/05\/Yellow-and-Orange-Illustrative-Self-Improvement-Infographic-Poster-1-724x1024.png 724w, https:\/\/digitalfamily.mx\/innovandojuntos\/wp-content\/uploads\/2025\/05\/Yellow-and-Orange-Illustrative-Self-Improvement-Infographic-Poster-1-212x300.png 212w, https:\/\/digitalfamily.mx\/innovandojuntos\/wp-content\/uploads\/2025\/05\/Yellow-and-Orange-Illustrative-Self-Improvement-Infographic-Poster-1-768x1086.png 768w, https:\/\/digitalfamily.mx\/innovandojuntos\/wp-content\/uploads\/2025\/05\/Yellow-and-Orange-Illustrative-Self-Improvement-Infographic-Poster-1-1086x1536.png 1086w, https:\/\/digitalfamily.mx\/innovandojuntos\/wp-content\/uploads\/2025\/05\/Yellow-and-Orange-Illustrative-Self-Improvement-Infographic-Poster-1-1448x2048.png 1448w, https:\/\/digitalfamily.mx\/innovandojuntos\/wp-content\/uploads\/2025\/05\/Yellow-and-Orange-Illustrative-Self-Improvement-Infographic-Poster-1.png 1587w\" sizes=\"auto, (max-width: 724px) 100vw, 724px\" \/><\/a><\/figure>\n\n\n\n<h2 class=\"wp-block-heading\">\u00bfC\u00f3mo se puede contrarrestar esta problem\u00e1tica? Con alfabetizaci\u00f3n medi\u00e1tica<\/h2>\n\n\n\n<p>\ud83e\udde0 Por eso el <strong>Alfabetismo Medi\u00e1tico e Informacional (AMI)<\/strong> es m\u00e1s necesario que nunca.<br>No se trata solo de <em>\u201cgooglear\u201d<\/em> r\u00e1pido, sino de aprender a:<\/p>\n\n\n\n<p>\u2705 Verificar si lo que dice un influencer es real o solo marketing disfrazado.<br>\u2705 Distinguir entre contenido editorial, publicidad y opini\u00f3n personal.<br>\u2705 Identificar discursos manipuladores o que fomentan el odio.<br>\u2705 Usar las redes con responsabilidad y pensamiento cr\u00edtico.<\/p>\n\n\n\n<p>\ud83d\udcca En M\u00e9xico, seg\u00fan datos del INEGI (ENDUTIH 2023), m\u00e1s del 70% de los adolescentes accede a redes sociales diariamente. Pero muy pocos reciben formaci\u00f3n para evaluar lo que consumen.<\/p>\n\n\n\n<p>Y ojo: una historia de Instagram puede mover emociones, opiniones\u2026 y decisiones. As\u00ed de potente es su impacto.<\/p>\n\n\n\n<p>\ud83d\udc49\ud83c\udffd Por eso, ense\u00f1ar <a href=\"https:\/\/digitalfamily.mx\/innovandojuntos\/wp-content\/uploads\/2022\/10\/comptencias-de-ciudadania-digital-imagen-blog-1.png\" target=\"_blank\" rel=\"noopener\" title=\"comptencias-de-ciudadania-digital-imagen-blog-1\">Ciudadan\u00eda Digital<\/a> tambi\u00e9n es hablar de influencers, algoritmos y sesgos.<\/p>\n\n\n\n<p><\/p>\n","protected":false},"excerpt":{"rendered":"<p>\u00bfSab\u00edas que hoy muchos j\u00f3venes conf\u00edan m\u00e1s en un influencer que en un medio de comunicaci\u00f3n? Estudios en M\u00e9xico y Am\u00e9rica Latina muestran que l@s adolescentes ven a creadores de contenido como referentes informativos, emocionales y hasta morales. Por otro lado, seg\u00fan una investigaci\u00f3n a influencers sobre la credibilidad de la informaci\u00f3n que comparten en [&hellip;]<\/p>\n","protected":false},"author":6,"featured_media":12194,"comment_status":"open","ping_status":"open","sticky":false,"template":"","format":"standard","meta":{"inline_featured_image":false,"_mi_skip_tracking":false,"footnotes":""},"categories":[142],"tags":[],"class_list":["post-12186","post","type-post","status-publish","format-standard","has-post-thumbnail","hentry","category-articulos"],"acf":[],"aioseo_notices":[],"_links":{"self":[{"href":"https:\/\/digitalfamily.mx\/innovandojuntos\/wp-json\/wp\/v2\/posts\/12186","targetHints":{"allow":["GET"]}}],"collection":[{"href":"https:\/\/digitalfamily.mx\/innovandojuntos\/wp-json\/wp\/v2\/posts"}],"about":[{"href":"https:\/\/digitalfamily.mx\/innovandojuntos\/wp-json\/wp\/v2\/types\/post"}],"author":[{"embeddable":true,"href":"https:\/\/digitalfamily.mx\/innovandojuntos\/wp-json\/wp\/v2\/users\/6"}],"replies":[{"embeddable":true,"href":"https:\/\/digitalfamily.mx\/innovandojuntos\/wp-json\/wp\/v2\/comments?post=12186"}],"version-history":[{"count":3,"href":"https:\/\/digitalfamily.mx\/innovandojuntos\/wp-json\/wp\/v2\/posts\/12186\/revisions"}],"predecessor-version":[{"id":12198,"href":"https:\/\/digitalfamily.mx\/innovandojuntos\/wp-json\/wp\/v2\/posts\/12186\/revisions\/12198"}],"wp:featuredmedia":[{"embeddable":true,"href":"https:\/\/digitalfamily.mx\/innovandojuntos\/wp-json\/wp\/v2\/media\/12194"}],"wp:attachment":[{"href":"https:\/\/digitalfamily.mx\/innovandojuntos\/wp-json\/wp\/v2\/media?parent=12186"}],"wp:term":[{"taxonomy":"category","embeddable":true,"href":"https:\/\/digitalfamily.mx\/innovandojuntos\/wp-json\/wp\/v2\/categories?post=12186"},{"taxonomy":"post_tag","embeddable":true,"href":"https:\/\/digitalfamily.mx\/innovandojuntos\/wp-json\/wp\/v2\/tags?post=12186"}],"curies":[{"name":"wp","href":"https:\/\/api.w.org\/{rel}","templated":true}]}}