{"id":1940,"date":"2021-04-27T14:35:42","date_gmt":"2021-04-27T19:35:42","guid":{"rendered":"https:\/\/digitalfamily.mx\/?p=1940"},"modified":"2021-04-27T14:35:42","modified_gmt":"2021-04-27T19:35:42","slug":"iniciadores-de-conversacion","status":"publish","type":"post","link":"https:\/\/digitalfamily.mx\/innovandojuntos\/iniciadores-de-conversacion\/","title":{"rendered":"Iniciadores de conversaci\u00f3n"},"content":{"rendered":"<p>[vc_row][vc_column][vc_column_text]<\/p>\n<h2>\u00bfQu\u00e9 deben saber mis hijos e hijas sobre temas del mundo digital?<\/h2>\n<h3>De qu\u00e9 hablar respecto a seguridad en l\u00ednea<\/h3>\n<h4>Privacidad personal<\/h4>\n<ul>\n<li>Son todos aquellos datos que proporcionan informaci\u00f3n sobre m\u00ed como nombre, edad, fotograf\u00eda, lugares que visito.<\/li>\n<li>En Internet yo decido qu\u00e9 compartir y con qui\u00e9n compartirlo, y existen configuraciones espec\u00edficas para delimitarlo.<\/li>\n<\/ul>\n<h4>Privacidad de consumidor<\/h4>\n<ul>\n<li>Se refiere a todos los datos que los creadores de p\u00e1ginas o apps obtienen de m\u00ed y las transacciones o movimientos que hago dentro de ellas.<\/li>\n<li>Si hago una compra mediante alguna plataforma es necesario que revise que esta sea segura mediante el candado que aparece en la barra de direcci\u00f3n:<img loading=\"lazy\" decoding=\"async\" class=\"alignnone size-full wp-image-1941\" src=\"http:\/\/ec2-35-162-119-212.us-west-2.compute.amazonaws.com\/wp-content\/uploads\/2021\/04\/buscador.jpg\" alt=\"buscador de google\" width=\"231\" height=\"39\" \/><\/li>\n<li>Es importante leer los t\u00e9rminos y condiciones que las p\u00e1ginas o apps proporcionan para saber qu\u00e9 permisos y datos estoy proporcionando y si tiene sentido que me los pida.<\/li>\n<\/ul>\n<h3>De qu\u00e9 hablar con tus hijos si comienzan a usar Redes Sociales<\/h3>\n<h4>Seguridad<\/h4>\n<ul>\n<li>Contrase\u00f1as seguras y no compartirlas<\/li>\n<li>Evitar compartir datos personales<\/li>\n<li>Contacto con personas conocidas\/extra\u00f1as<\/li>\n<li>No usar mi nombre y foto si soy menor de edad<\/li>\n<\/ul>\n<h4>Privacidad<\/h4>\n<ul>\n<li>Configuraciones adecuadas dentro de cada red social<\/li>\n<li>\u00bfQui\u00e9n puede ver lo que publico?<\/li>\n<li>La informaci\u00f3n que publico en redes tiene alcances: \u00bfQu\u00e9 estoy dispuesto a compartir?<\/li>\n<li>\u00bfQu\u00e9 son los datos personales?<\/li>\n<\/ul>\n<h4>C\u00f3digo de comportamiento<\/h4>\n<ul>\n<li>Lo que se escribe o dice en redes sociales puede afectar<\/li>\n<li>Bloquear y reportar si alguien est\u00e1 haciendo uso inadecuado de las redes sociales<\/li>\n<li>Lo que comparto en redes queda registrado y puede afectarme a futuro<\/li>\n<\/ul>\n<h3>De qu\u00e9 hablar respecto a Balance digital<\/h3>\n<ul>\n<li>Establecer horarios frente a la pantalla, tanto para tareas escolares como para tiempo de entretenimiento<\/li>\n<li>Negociaci\u00f3n sobre las reglas establecidas. Ser flexibles en ocasiones que consideres que lo amerita<\/li>\n<li>Explorar apps que ayuden a desarrollar sus habilidades<\/li>\n<li>Importancia de convivir de manera f\u00edsica como digital<\/li>\n<\/ul>\n<h3>De qu\u00e9 hablar respecto a Contacto con extra\u00f1os<\/h3>\n<h4>Grooming<\/h4>\n<ul>\n<li>Hazle saber que dentro del mundo digital, como en el mundo f\u00edsico, existen personas que mienten acerca de qui\u00e9nes son<\/li>\n<li>Importancia de conocer a las personas con las que mantiene contacto dentro de Internet<\/li>\n<li>Los datos personales son privados y no se comparten por seguridad<\/li>\n<\/ul>\n<h3>De qu\u00e9 hablar respecto al Ciberbulliyng<\/h3>\n<h4>Comportamiento en l\u00ednea<\/h4>\n<ul>\n<li>Actuar de manera responsable y respetuosa con lo que dice y comparte<\/li>\n<li>Pensar antes de publicar o compartir<\/li>\n<li>Usar un lenguaje apropiado<\/li>\n<\/ul>\n<h4>Involucrado<\/h4>\n<ul>\n<li>Establecer una relaci\u00f3n de confianza con ellos: hablar de sus gustos en el mundo digital e identificar su comportamiento. (Mi hijo o hija puede ser la v\u00edctima)<\/li>\n<li>Respeto a los dem\u00e1s, empat\u00eda e identidad dentro y fuera de Internet. (Mi hijo o hija puede ser un ciberbully)<\/li>\n<li>Si alguien que conoces est\u00e1 siendo blanco de un acosador, defi\u00e9ndelo. \u00bfQuerr\u00edas que \u00e9l o ella haga lo mismo por ti?. (Mi hijo o hija puede ser un espectador)<\/li>\n<\/ul>\n<h3>De qu\u00e9 hablar respecto a <a href=\"https:\/\/digitalfamily.mx\/huella-digital-que-es-y-por-que-debes-protegerla-y-aprender-a-administrarla\/\">Huella digital<\/a><\/h3>\n<h4>Lo que yo comparto<\/h4>\n<ul>\n<li>Lo que muestro en Internet forma parte de lo que pienso y soy.<\/li>\n<li>Importancia de conocer a las personas con las que se mantiene contacto dentro de Internet.<\/li>\n<li>Lo digital tiene impacto a futuro.<\/li>\n<li>\u00bfQu\u00e9 quiero mostrar a mis amigos\/seguidores?<\/li>\n<\/ul>\n<h4>Lo que otros comparten sobre m\u00ed<\/h4>\n<ul>\n<li>En lo que otros me etiquetan o mencionan tambi\u00e9n habla de m\u00ed (fotos, memes, videos, etc).<\/li>\n<li>Pedir a los dem\u00e1s que me pregunten antes de subir una foto de m\u00ed.<\/li>\n<li>Configuraciones para restringir lo que aparece sobre m\u00ed.<br \/>\n\u00bfEstoy de acuerdo con lo que mis amigos\/seguidores publican sobre m\u00ed<\/li>\n<\/ul>\n<p>&nbsp;<\/p>\n<p>&nbsp;<\/p>\n<p>[\/vc_column_text][\/vc_column][\/vc_row][vc_row][vc_column][vc_btn title=&#8221;DESCARGA ESTA GU\u00cdA&#8221; color=&#8221;danger&#8221; align=&#8221;center&#8221; link=&#8221;url:https%3A%2F%2Fdigitalfamily.mx%2Fwp-content%2Fuploads%2F2021%2F04%2FIniciadores-de-conversacion.pdf|title:Iniciadores%20de%20conversaci%C3%B3n|target:_blank&#8221;][\/vc_column][\/vc_row]<\/p>\n","protected":false},"excerpt":{"rendered":"<p>[vc_row][vc_column][vc_column_text] \u00bfQu\u00e9 deben saber mis hijos e hijas sobre temas del mundo digital? De qu\u00e9 hablar respecto a seguridad en l\u00ednea Privacidad personal Son todos aquellos datos que proporcionan informaci\u00f3n sobre m\u00ed como nombre, edad, fotograf\u00eda, lugares que visito. En Internet yo decido qu\u00e9 compartir y con qui\u00e9n compartirlo, y existen configuraciones espec\u00edficas para delimitarlo. [&hellip;]<\/p>\n","protected":false},"author":2,"featured_media":1950,"comment_status":"open","ping_status":"open","sticky":false,"template":"","format":"standard","meta":{"inline_featured_image":false,"_mi_skip_tracking":false,"footnotes":""},"categories":[2],"tags":[9,51,29,52,53,18,54,55,20],"class_list":["post-1940","post","type-post","status-publish","format-standard","has-post-thumbnail","hentry","category-noticias","tag-ciudadania-digital","tag-cyberbullyin","tag-educacion-tecnologica","tag-grooming","tag-indicadores-de-conversion","tag-internet-en-familia","tag-internet-seguro","tag-redes-sociales","tag-seguridad-en-internet"],"acf":[],"aioseo_notices":[],"_links":{"self":[{"href":"https:\/\/digitalfamily.mx\/innovandojuntos\/wp-json\/wp\/v2\/posts\/1940","targetHints":{"allow":["GET"]}}],"collection":[{"href":"https:\/\/digitalfamily.mx\/innovandojuntos\/wp-json\/wp\/v2\/posts"}],"about":[{"href":"https:\/\/digitalfamily.mx\/innovandojuntos\/wp-json\/wp\/v2\/types\/post"}],"author":[{"embeddable":true,"href":"https:\/\/digitalfamily.mx\/innovandojuntos\/wp-json\/wp\/v2\/users\/2"}],"replies":[{"embeddable":true,"href":"https:\/\/digitalfamily.mx\/innovandojuntos\/wp-json\/wp\/v2\/comments?post=1940"}],"version-history":[{"count":0,"href":"https:\/\/digitalfamily.mx\/innovandojuntos\/wp-json\/wp\/v2\/posts\/1940\/revisions"}],"wp:featuredmedia":[{"embeddable":true,"href":"https:\/\/digitalfamily.mx\/innovandojuntos\/wp-json\/wp\/v2\/media\/1950"}],"wp:attachment":[{"href":"https:\/\/digitalfamily.mx\/innovandojuntos\/wp-json\/wp\/v2\/media?parent=1940"}],"wp:term":[{"taxonomy":"category","embeddable":true,"href":"https:\/\/digitalfamily.mx\/innovandojuntos\/wp-json\/wp\/v2\/categories?post=1940"},{"taxonomy":"post_tag","embeddable":true,"href":"https:\/\/digitalfamily.mx\/innovandojuntos\/wp-json\/wp\/v2\/tags?post=1940"}],"curies":[{"name":"wp","href":"https:\/\/api.w.org\/{rel}","templated":true}]}}