{"id":2190,"date":"2021-09-21T13:01:51","date_gmt":"2021-09-21T18:01:51","guid":{"rendered":"https:\/\/digitalfamily.mx\/?p=2190"},"modified":"2022-11-15T13:49:30","modified_gmt":"2022-11-15T19:49:30","slug":"competencias-digitales-a-desarrollar-en-ninos-y-jovenes","status":"publish","type":"post","link":"https:\/\/digitalfamily.mx\/innovandojuntos\/competencias-digitales-a-desarrollar-en-ninos-y-jovenes\/","title":{"rendered":"Competencias digitales a desarrollar en ni\u00f1os y j\u00f3venes"},"content":{"rendered":"<p>La <a href=\"https:\/\/digitalfamily.mx\/6-tecnologias-que-estan-transformando-la-educacion\/\" target=\"_blank\" rel=\"noopener noreferrer\"><strong>tecnolog\u00eda educativa<\/strong><\/a> es hoy en d\u00eda un tema en tendencia, no s\u00f3lo por las circunstancias que nos rodean, sino porque a\u00fan quedan muchos retos y \u00e1reas de oportunidad en las que debemos trabajar.<\/p>\n<p>&nbsp;<\/p>\n<p>Y para que precisamente deje de ser una tendencia y se convierta en un com\u00fan denominador es importante que, como docentes, padres de familia y adultos, la conozcamos a fondo, pues es de esta manera que podemos desarrollar competencias digitales en los ni\u00f1os y j\u00f3venes, quienes a veces parecieran ir un paso m\u00e1s adelante que nosotros.<\/p>\n<p>&nbsp;<\/p>\n<p>Constantemente se habla de la gran distancia que existe en el dominio de la tecnolog\u00eda por parte de las nuevas generaciones y los adultos. No la manejamos de la misma forma y eso evita o dificulta que podamos ense\u00f1arles a utilizarlas con responsabilidad, eficiencia y criterio.<\/p>\n<p>&nbsp;<\/p>\n<p>Mientras que los adultos tienen que adaptarse a la tecnolog\u00eda, los ni\u00f1os y j\u00f3venes crecen us\u00e1ndola, muchos de ellos cuentan ya con una identidad digital incluso sin saberlo, pues desde que nacen tenemos acceso a una infinidad de dispositivos sincronizados a un mundo hiperconectado.<\/p>\n<p>&nbsp;<\/p>\n<h2><strong>Navegando hacia un futuro cada vez m\u00e1s digitalizado<\/strong><\/h2>\n<p>&nbsp;<\/p>\n<p>Esta identidad o huella digital que va creciendo con los a\u00f1os hace que la l\u00ednea que divide el mundo f\u00edsico del digital sea cada vez m\u00e1s difusa, lo cual puede predecir grandes posibilidades pero al mismo tiempo generarnos cierta incertidumbre, porque ser\u00e1n los ni\u00f1os y j\u00f3venes el centro de esos cambios y quienes vivan en ese mundo digitalizado.<\/p>\n<p>&nbsp;<\/p>\n<p>De acuerdo con el reporte de World Economic Forum sobre la tecnolog\u00eda y el impacto social en el futuro, el&nbsp;<a href=\"https:\/\/www.weforum.org\/agenda\/2015\/09\/13-signs-the-fourth-industrial-revolution-is-almost-here\/\">90% de toda la poblaci\u00f3n estar\u00e1 conectada a Internet dentro de 10 a\u00f1os<\/a>* y los tiempos de conexi\u00f3n y exposici\u00f3n a las pantallas ser\u00e1n cada vez m\u00e1s prolongados, superando incluso las 7 horas diarias.<\/p>\n<p>&nbsp;<\/p>\n<p>Entonces, sabemos que el universo digital es una inmensa extensi\u00f3n de aprendizaje y entretenimiento. Pero es en este mundo digital donde los ni\u00f1os tambi\u00e9n est\u00e1n expuestos a distintos riesgos, y no s\u00f3lo ellos, los adultos lo estamos tambi\u00e9n.<\/p>\n<p>&nbsp;<\/p>\n<p>Por eso cada vez se hace m\u00e1s relevante la necesidad de inculcar en nuestros hijos y estudiantes el desarrollo de habilidades digitales y tecnol\u00f3gicas que hoy son competencias b\u00e1sicas para el desarrollo y \u00e9xito en cualquier \u00e1rea de su vida.<\/p>\n<p>&nbsp;<\/p>\n<p>Como padres, educadores y l\u00edderes, \u00bfc\u00f3mo preparar a nuestros hijos para la era digital? Sin duda, es fundamental dotarlos de inteligencia y competencias digitales.<\/p>\n<h2><\/h2>\n<p>&nbsp;<\/p>\n<h2>Inteligencia y competencias digitales<\/h2>\n<p>&nbsp;<\/p>\n<p>El <a href=\"https:\/\/www.dqinstitute.org\/\" target=\"_blank\" rel=\"noopener noreferrer\">Instituto para la Inteligencia Digital (DQ Institute)<\/a>, a trav\u00e9s de la iniciativa DQ Project y DQ Skills, con el apoyo de World Econocmic Forum y de distintos grupos de l\u00edderes expertos, se ha dedicado a promover y profundizar en el concepto de la inteligencia digital, la cual &nbsp;se define como \u201cun conjunto integral de habilidades t\u00e9cnicas, cognitivas, metacognitivas y socioemocionales que se basan en valores morales universales y que permiten a las personas enfrentar los desaf\u00edos y aprovechar las oportunidades de la vida digital&#8221;.<\/p>\n<p>&nbsp;<\/p>\n<p>Estas habilidades se pueden dividir en 8 grandes categor\u00edas que incluyen 24 competencias digitales que se conectan entre s\u00ed. Estas 8 \u00e1reas se pueden desarrollar cada una en tres niveles: <a href=\"https:\/\/digitalfamily.mx\/ciudadania-digital-2\/\" target=\"_blank\" rel=\"noopener noreferrer\">ciudadan\u00eda<\/a>, creatividad y competitividad.<\/p>\n<p>&nbsp;<\/p>\n<figure id=\"attachment_2191\" aria-describedby=\"caption-attachment-2191\" style=\"width: 800px\" class=\"wp-caption alignnone\"><img loading=\"lazy\" decoding=\"async\" class=\"wp-image-2191 \" src=\"http:\/\/ec2-35-162-119-212.us-west-2.compute.amazonaws.com\/wp-content\/uploads\/2021\/09\/habilidades-digitales-1024x418.jpg\" alt=\"competencias digitales\" width=\"800\" height=\"327\" srcset=\"https:\/\/digitalfamily.mx\/innovandojuntos\/wp-content\/uploads\/2021\/09\/habilidades-digitales-1024x418.jpg 1024w, https:\/\/digitalfamily.mx\/innovandojuntos\/wp-content\/uploads\/2021\/09\/habilidades-digitales-300x122.jpg 300w, https:\/\/digitalfamily.mx\/innovandojuntos\/wp-content\/uploads\/2021\/09\/habilidades-digitales-768x314.jpg 768w, https:\/\/digitalfamily.mx\/innovandojuntos\/wp-content\/uploads\/2021\/09\/habilidades-digitales.jpg 1129w\" sizes=\"auto, (max-width: 800px) 100vw, 800px\" \/><figcaption id=\"caption-attachment-2191\" class=\"wp-caption-text\">Foto: DQ Iinstutute<\/figcaption><\/figure>\n<p>&nbsp;<\/p>\n<h3><strong>Identidad Digital (Digital Identity)<\/strong><\/h3>\n<p>&nbsp;<\/p>\n<p>La habilidad para crear y administrar una identidad y reputaci\u00f3n digital. Implica tambi\u00e9n la conciencia y manejo del impacto en corto y largo plazo de la presencia online del individuo.<\/p>\n<p>&nbsp;<\/p>\n<h3><strong>Uso Digital (Digital Use)<\/strong><\/h3>\n<p>&nbsp;<\/p>\n<p>Habilidad para utilizar dispositivos y medios digitales incluyendo su dominio y control, con el objeto de equilibrar la vida online y offline.<\/p>\n<p>&nbsp;<\/p>\n<h3><strong>Seguridad Digital (Digital Safety)<\/strong><\/h3>\n<p>&nbsp;<\/p>\n<p>La habilidad para manejar los riesgos online como <em>cyber-bullying<\/em>, <em>grooming<\/em> y acoso, contenido no apropiados o que pueden ser violentos y la capacidad de evitar y limitar estos riesgos.<\/p>\n<p>&nbsp;<\/p>\n<h3><strong>Seguridad Digital (Digital Security)<\/strong><\/h3>\n<p>&nbsp;<\/p>\n<p>La habilidad para detectar cyber enga\u00f1os, entender las mejores pr\u00e1cticas y usar las herramientas adecuadas para la protecci\u00f3n de los datos.<\/p>\n<p>&nbsp;<\/p>\n<h3><strong>Inteligencia Emocional Digital (Digital Emotional Intelligence)<\/strong><\/h3>\n<p>&nbsp;<\/p>\n<p>La habilidad para desarrollar la empat\u00eda y construir buenas relaciones online con otros.<\/p>\n<p>&nbsp;<\/p>\n<h3><strong>Comunicaci\u00f3n Digital (Digital Communication)<\/strong><\/h3>\n<p>&nbsp;<\/p>\n<p>La habilidad para comunicarse y colaborar con otros mediante el uso de tecnolog\u00edas y medios digitales.<\/p>\n<p>&nbsp;<\/p>\n<h3><strong>Alfabetizaci\u00f3n Digital (Digital Literacy)<\/strong><\/h3>\n<p>&nbsp;<\/p>\n<p>La habilidad para encontrar, evaluar, utilizar, compartir y crear contenido, as\u00ed como la competencia en pensamiento computacional.<\/p>\n<p>&nbsp;<\/p>\n<h3><strong>Derechos Digitales (Digital Rights)<\/strong><\/h3>\n<p>&nbsp;<\/p>\n<p>La habilidad para entender y defender los derechos personales y legales incluyendo el derecho de privacidad, propiedad intelectual, libertad de expresi\u00f3n y protecci\u00f3n ante el discurso de odio.<\/p>\n<p>&nbsp;<\/p>\n<p>Este marco ha sido creado en colaboraci\u00f3n con distintas instituciones y asociaciones como la UNESCO y Common Sense Education, entre otras para poder crear un <a href=\"https:\/\/www.dqinstitute.org\/global-standards\/\" target=\"_blank\" rel=\"noopener noreferrer\">est\u00e1ndar global de habilidades y alfabetizaci\u00f3n digital<\/a> que pueda servir para garantizar la formaci\u00f3n de futuros ciudadanos y ciudadanas digitales.<\/p>\n<p>&nbsp;<\/p>\n<h5>*World Economic Forum. Reporte \u201cTechnology Tipping Points and Societal Impact\u201d.<\/h5>\n","protected":false},"excerpt":{"rendered":"<p>La tecnolog\u00eda educativa es hoy en d\u00eda un tema en tendencia, no s\u00f3lo por las circunstancias que nos rodean, sino porque a\u00fan quedan muchos retos y \u00e1reas de oportunidad en las que debemos trabajar. &nbsp; Y para que precisamente deje de ser una tendencia y se convierta en un com\u00fan denominador es importante que, como [&hellip;]<\/p>\n","protected":false},"author":2,"featured_media":2192,"comment_status":"open","ping_status":"open","sticky":false,"template":"","format":"standard","meta":{"inline_featured_image":false,"_mi_skip_tracking":false,"footnotes":""},"categories":[142,2],"tags":[105,106,107,108,109,110],"class_list":["post-2190","post","type-post","status-publish","format-standard","has-post-thumbnail","hentry","category-articulos","category-noticias","tag-albatizacion-digital","tag-ciudadaia-digital","tag-competencias-digitales","tag-habilidades-digitales","tag-inteligencia-digital","tag-tecnologia-educativa"],"acf":[],"aioseo_notices":[],"_links":{"self":[{"href":"https:\/\/digitalfamily.mx\/innovandojuntos\/wp-json\/wp\/v2\/posts\/2190","targetHints":{"allow":["GET"]}}],"collection":[{"href":"https:\/\/digitalfamily.mx\/innovandojuntos\/wp-json\/wp\/v2\/posts"}],"about":[{"href":"https:\/\/digitalfamily.mx\/innovandojuntos\/wp-json\/wp\/v2\/types\/post"}],"author":[{"embeddable":true,"href":"https:\/\/digitalfamily.mx\/innovandojuntos\/wp-json\/wp\/v2\/users\/2"}],"replies":[{"embeddable":true,"href":"https:\/\/digitalfamily.mx\/innovandojuntos\/wp-json\/wp\/v2\/comments?post=2190"}],"version-history":[{"count":2,"href":"https:\/\/digitalfamily.mx\/innovandojuntos\/wp-json\/wp\/v2\/posts\/2190\/revisions"}],"predecessor-version":[{"id":3607,"href":"https:\/\/digitalfamily.mx\/innovandojuntos\/wp-json\/wp\/v2\/posts\/2190\/revisions\/3607"}],"wp:featuredmedia":[{"embeddable":true,"href":"https:\/\/digitalfamily.mx\/innovandojuntos\/wp-json\/wp\/v2\/media\/2192"}],"wp:attachment":[{"href":"https:\/\/digitalfamily.mx\/innovandojuntos\/wp-json\/wp\/v2\/media?parent=2190"}],"wp:term":[{"taxonomy":"category","embeddable":true,"href":"https:\/\/digitalfamily.mx\/innovandojuntos\/wp-json\/wp\/v2\/categories?post=2190"},{"taxonomy":"post_tag","embeddable":true,"href":"https:\/\/digitalfamily.mx\/innovandojuntos\/wp-json\/wp\/v2\/tags?post=2190"}],"curies":[{"name":"wp","href":"https:\/\/api.w.org\/{rel}","templated":true}]}}