{"id":2220,"date":"2021-10-25T16:39:20","date_gmt":"2021-10-25T21:39:20","guid":{"rendered":"https:\/\/digitalfamily.mx\/?p=2220"},"modified":"2022-03-18T12:27:16","modified_gmt":"2022-03-18T18:27:16","slug":"semana-mundial-de-alfabetizacion-mediatica-e-informacional","status":"publish","type":"post","link":"https:\/\/digitalfamily.mx\/innovandojuntos\/semana-mundial-de-alfabetizacion-mediatica-e-informacional\/","title":{"rendered":"Semana mundial de alfabetizaci\u00f3n medi\u00e1tica e informacional"},"content":{"rendered":"<p>Desde hace 10 a\u00f1os la UNESCO se dio a la tarea de convocar a instituciones y entidades de todo el mundo para unirse a la <b>Semana mundial de alfabetizaci\u00f3n medi\u00e1tica e informacional<\/b>, con el objeto de <span>proporcionar respuestas a las preguntas que todos nos hacemos en alg\u00fan momento. <\/span><\/p>\n<p>&nbsp;<\/p>\n<ul>\n<li><span>\u00bfC\u00f3mo podemos acceder, buscar, evaluar cr\u00edticamente, utilizar y contribuir al contenido de manera inteligente, tanto en l\u00ednea como fuera de l\u00ednea?\u00a0<\/span><\/li>\n<li><span>\u00bfCu\u00e1les son nuestros derechos en l\u00ednea y fuera de l\u00ednea?\u00a0<\/span><\/li>\n<li><span>\u00bfCu\u00e1les son las cuestiones \u00e9ticas que rodean el acceso y uso de la informaci\u00f3n?\u00a0<\/span><\/li>\n<li><span>\u00bfC\u00f3mo podemos involucrarnos con los medios de comunicaci\u00f3n y las TIC para promover la igualdad, el di\u00e1logo intercultural e interreligioso, la paz, la libertad de expresi\u00f3n y el acceso a la informaci\u00f3n?<\/span><\/li>\n<\/ul>\n<p>&nbsp;<\/p>\n<p>A trav\u00e9s de recursos para la creaci\u00f3n de capacidad, como el desarrollo de planes de estudio, las directrices y la articulaci\u00f3n de pol\u00edticas, y el marco de evaluaci\u00f3n, la UNESCO apoya el desarrollo de las competencias en AMI entre las personas.<\/p>\n<p>&nbsp;<\/p>\n<p>As\u00ed, cada a\u00f1o nos reunimos virtualmente para apoyar esta iniciativa que\u00a0permite a las personas desarrollarse a s\u00ed mismas y a sus sociedades mediante la mejora de capacidades en comunicaci\u00f3n e informaci\u00f3n.<\/p>\n<p>&nbsp;<\/p>\n<p class=\"px-2\"><b>La Semana mundial de alfabetizaci\u00f3n medi\u00e1tica e informacional<\/b>\u00a0que la UNESCO promueve, traza una l\u00ednea clave para el desarrollo social que ha ido avanzando en los \u00faltimos a\u00f1os al tomar como eje la alfabetizaci\u00f3n medi\u00e1tica e informacional como una herramienta esencial para el desarrollo de las personas, propiciando el que puedan beneficiarse dentro del entorno de informaci\u00f3n actual, mitigar los problemas de los contenidos nocivos y reforzar su derecho a la informaci\u00f3n y la libertad de expresi\u00f3n.<\/p>\n<p>&nbsp;<\/p>\n<p>En Digital Family nos sumamos a este compromiso con distintas actividades que se llevan diariamente, del 25 al 31 de octubre, y promoviendo actividades que propicien el aprendizaje y la colaboraci\u00f3n. Te invitamos a ser parte de este evento participando en todos los evetnos que tienen lugar en nuestras plataforms digitales y en el sitio web oficial de la UNESCO para ser parte de esta transformaci\u00f3n que nos hace crecer a todos.<\/p>\n<p>&nbsp;<\/p>\n<ul>\n<li><a href=\"http:\/\/ami2021.digitalfamily.mx\/\"><strong>Conoce aqu\u00ed nuestro programa de acividades de la Semana AMI 2021.<\/strong><\/a><\/li>\n<li><strong>Y visitia el <a href=\"https:\/\/en.unesco.org\/commemorations\/globalmilweek\" target=\"_blank\" rel=\"noopener noreferrer\">sitio oficial de la UNESCO<\/a> para conocer m\u00e1s.<\/strong><\/li>\n<li><\/li>\n<\/ul>\n<p><iframe loading=\"lazy\" title=\"AMI 2021: Contribuir al bienestar social\" width=\"500\" height=\"281\" src=\"https:\/\/www.youtube.com\/embed\/hsr0G0lddEo?feature=oembed\" frameborder=\"0\" allow=\"accelerometer; autoplay; clipboard-write; encrypted-media; gyroscope; picture-in-picture; web-share\" referrerpolicy=\"strict-origin-when-cross-origin\" allowfullscreen><\/iframe><\/p>\n","protected":false},"excerpt":{"rendered":"<p>Desde hace 10 a\u00f1os la UNESCO se dio a la tarea de convocar a instituciones y entidades de todo el mundo para unirse a la Semana mundial de alfabetizaci\u00f3n medi\u00e1tica e informacional, con el objeto de proporcionar respuestas a las preguntas que todos nos hacemos en alg\u00fan momento. &nbsp; \u00bfC\u00f3mo podemos acceder, buscar, evaluar cr\u00edticamente, [&hellip;]<\/p>\n","protected":false},"author":2,"featured_media":2223,"comment_status":"open","ping_status":"open","sticky":false,"template":"","format":"standard","meta":{"inline_featured_image":false,"_mi_skip_tracking":false,"footnotes":""},"categories":[141,2],"tags":[29,4,114,115,6],"class_list":["post-2220","post","type-post","status-publish","format-standard","has-post-thumbnail","hentry","category-eventos","category-noticias","tag-educacion-tecnologica","tag-educacion-y-aprendizaje","tag-semana-ami","tag-semana-mundial-de-alfabetizacion-mediatica-e-informacional","tag-transformacion-digital"],"acf":[],"aioseo_notices":[],"_links":{"self":[{"href":"https:\/\/digitalfamily.mx\/innovandojuntos\/wp-json\/wp\/v2\/posts\/2220","targetHints":{"allow":["GET"]}}],"collection":[{"href":"https:\/\/digitalfamily.mx\/innovandojuntos\/wp-json\/wp\/v2\/posts"}],"about":[{"href":"https:\/\/digitalfamily.mx\/innovandojuntos\/wp-json\/wp\/v2\/types\/post"}],"author":[{"embeddable":true,"href":"https:\/\/digitalfamily.mx\/innovandojuntos\/wp-json\/wp\/v2\/users\/2"}],"replies":[{"embeddable":true,"href":"https:\/\/digitalfamily.mx\/innovandojuntos\/wp-json\/wp\/v2\/comments?post=2220"}],"version-history":[{"count":1,"href":"https:\/\/digitalfamily.mx\/innovandojuntos\/wp-json\/wp\/v2\/posts\/2220\/revisions"}],"predecessor-version":[{"id":2454,"href":"https:\/\/digitalfamily.mx\/innovandojuntos\/wp-json\/wp\/v2\/posts\/2220\/revisions\/2454"}],"wp:featuredmedia":[{"embeddable":true,"href":"https:\/\/digitalfamily.mx\/innovandojuntos\/wp-json\/wp\/v2\/media\/2223"}],"wp:attachment":[{"href":"https:\/\/digitalfamily.mx\/innovandojuntos\/wp-json\/wp\/v2\/media?parent=2220"}],"wp:term":[{"taxonomy":"category","embeddable":true,"href":"https:\/\/digitalfamily.mx\/innovandojuntos\/wp-json\/wp\/v2\/categories?post=2220"},{"taxonomy":"post_tag","embeddable":true,"href":"https:\/\/digitalfamily.mx\/innovandojuntos\/wp-json\/wp\/v2\/tags?post=2220"}],"curies":[{"name":"wp","href":"https:\/\/api.w.org\/{rel}","templated":true}]}}