{"id":2301,"date":"2022-01-27T16:41:14","date_gmt":"2022-01-27T22:41:14","guid":{"rendered":"https:\/\/digitalfamily.mx\/?p=2301"},"modified":"2022-03-22T07:16:34","modified_gmt":"2022-03-22T13:16:34","slug":"reimaginando-el-futuro-de-la-educacion","status":"publish","type":"post","link":"https:\/\/digitalfamily.mx\/innovandojuntos\/reimaginando-el-futuro-de-la-educacion\/","title":{"rendered":"Reimaginando el futuro de la educaci\u00f3n"},"content":{"rendered":"<p>[vc_row][vc_column][vc_column_text]<\/p>\n<blockquote><p><em> \u2063&#8221;Ante un futuro incierto, debemos formar personas con un car\u00e1cter transformador y curioso&#8221;<\/em><br \/>\nDavid Bueno, director de la c\u00e1tedra de Neuro Educaci\u00f3n de La Universida de Barcelona<\/p>\n<p>&nbsp;<\/p><\/blockquote>\n<p>Estamos en el mejor momento para redirigir y reestructurar la ense\u00f1anza, sobre todo para garantizar que todas las personas tengan acceso a la educaci\u00f3n.<\/p>\n<p>&nbsp;<\/p>\n<p>De acuerdo con recientes informes de la UNESCO, 11 millones de ni\u00f1as en todo el mundo corren el riesgo de no volver al colegio tras la pandemia y 268 millones de ni\u00f1os y adolescentes en todo el mundo est\u00e1n fuera de la escuela. Esto es porque aunque hemos implementado nuevas formar de estudio y nuevas herramientas, a\u00fan no hemos logrado crear un sistema s\u00f3lido, preparado para enfrentar todos estos cambios.<\/p>\n<p>&nbsp;<\/p>\n<p>Pero lejos de se\u00f1alar lo que se ha hecho mal, es momento de<a href=\"https:\/\/digitalfamily.mx\/como-se-ve-el-aprendizaje-del-futuro-tendencias-que-marcaran-el-2022\/\"> pensar hacia el futuro<\/a>. Necesitamos nuevas pedagog\u00edas, nuevos enfoques del curr\u00edculo, un nuevo compromiso con los docentes, una nueva visi\u00f3n de la escuela y una nueva apreciaci\u00f3n de los tiempos y espacios de la educaci\u00f3n.<\/p>\n<p>&nbsp;<\/p>\n<p>Pero esto no significa que nos deshagamos de lo que ya tenemos. En cambio, debemos examinar las mejores tradiciones pedag\u00f3gicas y educativas, renovar este patrimonio y agregar nuevos elementos prometedores que nos ayuden a dar forma a ese futuro incierto.<\/p>\n<p>&nbsp;<\/p>\n<p>Al respecto, la UNESCO considera urgente <strong>renovar los planes de estudio y los m\u00e9todos de ense\u00f1anza teniendo en cuenta tres grandes cambios<\/strong>&nbsp;recientes en la sociedad:<\/p>\n<p>&nbsp;<\/p>\n<ul>\n<li>Los relacionados con la globalizaci\u00f3n<\/li>\n<li>El desaf\u00edo clim\u00e1tico<\/li>\n<li>La revoluci\u00f3n digital<\/li>\n<\/ul>\n<p>&nbsp;<\/p>\n<p>Y para ello propuso la creaci\u00f3n e implementaci\u00f3n de un nuevo contrato social para la educaci\u00f3n <strong><a href=\"https:\/\/unesdoc.unesco.org\/ark:\/48223\/pf0000379381_spa\" target=\"_blank\" rel=\"noopener noreferrer\">&#8220;<\/a><em>Repensar juntos nuestro futuro: un nuevo contrato social para la educaci\u00f3n&#8221;<\/em><\/strong>,<strong> que sea capaz<\/strong> de ajustarse a nuestros tiempos.<\/p>\n<p>&nbsp;<\/p>\n<p><a href=\"https:\/\/unesdoc.unesco.org\/ark:\/48223\/pf0000379381_spa\" target=\"_blank\" rel=\"noopener noreferrer\">Este nuevo contrato<\/a> debe reforzar la educaci\u00f3n como un bien p\u00fablico, como un compromiso social compartido, como uno de los derechos m\u00e1s importantes, y como una de las responsabilidades m\u00e1s importantes de los estados y los ciudadanos.<\/p>\n<p>&nbsp;<\/p>\n<blockquote><p><em>Juntos, maestros y los estudiantes necesitan formar una comunidad de buscadores de conocimiento y constructor<\/em><\/p><\/blockquote>\n<h2><\/h2>\n<h2>Propuestas para <a href=\"https:\/\/digitalfamily.mx\/claves-para-la-innovacion-educativa\/\">renovar la educaci\u00f3n<\/a><\/h2>\n<p>&nbsp;<\/p>\n<h3><strong>Reimaginar los enfoques pedag\u00f3gicos<\/strong><\/h3>\n<p>&nbsp;<\/p>\n<p><strong>La pedagog\u00eda deber\u00eda organizarse en torno a los principios de cooperaci\u00f3n, colaboraci\u00f3n y solidaridad<\/strong>. Deber\u00eda fomentar las capacidades intelectuales, sociales y morales de los alumnos, para que puedan trabajar juntos y transformar el mundo con empat\u00eda y compasi\u00f3n.<\/p>\n<p>&nbsp;<\/p>\n<h3>Aprendizaje ecol\u00f3gico<\/h3>\n<p>&nbsp;<\/p>\n<p><strong>Los planes de estudios deber\u00edan hacer hincapi\u00e9 en un aprendizaje ecol\u00f3gico, intercultural e interdisciplinario que ayude a los alumnos a acceder a conocimientos, y producirlos, y que desarrolle al mismo tiempo su capacidad para criticarlos y aplicarlos<\/strong>.<\/p>\n<p>&nbsp;<\/p>\n<h3>Respaldar la autonom\u00eda y la libertad de los docentes<\/h3>\n<p>&nbsp;<\/p>\n<p><strong>La ense\u00f1anza deber\u00eda seguir profesionaliz\u00e1ndose como una labor colaborativa en la que se reconozca la funci\u00f3n de los docentes de productores de conocimientos y figuras clave de la transformaci\u00f3n educativa y social<\/strong>.<\/p>\n<p>&nbsp;<\/p>\n<h3><strong>Valorar y fomentar la diversidad y el pluralismo<\/strong><\/h3>\n<p>&nbsp;<\/p>\n<p><strong>Las escuelas deber\u00edan ser lugares educativos protegidos, ya que promueven la inclusi\u00f3n, la equidad y el bienestar individual y colectivo, y tambi\u00e9n deber\u00edan reimaginarse con miras a facilitar a\u00fan m\u00e1s la transformaci\u00f3n del mundo hacia futuros m\u00e1s justos, equitativos y sostenibles<\/strong>. Las escuelas deben ser sitios que re\u00fanan a grupos diversos de personas, ofreci\u00e9ndoles desaf\u00edos y oportunidades que no existen en ninguna otra parte.<\/p>\n<p>&nbsp;<\/p>\n<h3>Ampliar el derecho a la educaci\u00f3n<\/h3>\n<p>&nbsp;<\/p>\n<p><strong>Acrecentar las oportunidades educativas que surgen a lo largo de la vida y en diferentes entornos culturales y sociales<\/strong>. En todo momento de la vida, las personas deber\u00edan tener oportunidades educativas significativas y de calidad. Conectar los lugares naturales, f\u00edsicos y virtuales de aprendizaje, aprovechando al m\u00e1ximo las mejores caracter\u00edsticas de cada uno. Es necesario ampliar el derecho a la educaci\u00f3n, a fin de que sea permanente y abarque el derecho a la informaci\u00f3n, la cultura, la ciencia y la conectividad.<\/p>\n<p>&nbsp;<\/p>\n<p>\u00a1Listos para el cambio!<\/p>\n<p>&nbsp;<\/p>\n<p>Aunque de manera lenta, paso a paso vanzamos hacia un nuevo futuro en la educaci\u00f3n y este contrato creado en noviembre de 2021 es una muestra de que es inminente y esencial trabajar juntos con el objetivo de forjar futuros pac\u00edficos, justos y sostenibles para todas las personas.<\/p>\n<p>&nbsp;<\/p>\n<p><strong>Un nuevo contrato social para la educaci\u00f3n debe permitirnos pensar diferente<\/strong>&nbsp;sobre el aprendizaje y las relaciones entre los alumnos, los docentes, el conocimiento y el mundo.<\/p>\n<p>&nbsp;<\/p>\n<p>En el informe se abordan de forma detallada las tecnolog\u00edas digitales, el cambio clim\u00e1tico, el retroceso democr\u00e1tico y la polarizaci\u00f3n social, y el incierto futuro de la esfera laboral. Mediante este documento, no solo se pretende contribuir a que todas las personas participen en la conversaci\u00f3n sobre la educaci\u00f3n y promover la reflexi\u00f3n, sino tambi\u00e9n instar a todos los individuos a actuar.<\/p>\n<p>&nbsp;<\/p>\n<p>&nbsp;<\/p>\n<p>&nbsp;<\/p>\n<h4><\/h4>\n<p>[\/vc_column_text][\/vc_column][\/vc_row][vc_row][vc_column][vc_btn title=&#8221;Lee el nuevo contrato social para la educaci\u00f3n&#8221; color=&#8221;pink&#8221; size=&#8221;lg&#8221; link=&#8221;url:https%3A%2F%2Funesdoc.unesco.org%2Fark%3A%2F48223%2Fpf0000379381_spa|title:contrato%20social%20para%20la%20educaci%C3%B3n&#8221;][vc_column_text]<\/p>\n<p>&nbsp;<\/p>\n<p>[\/vc_column_text][\/vc_column][\/vc_row][vc_row][vc_column][vc_column_text]<\/p>\n<h5>Fuentes: Comisi\u00f3n Internacional sobre Los futuros de la educaci\u00f3n, UNESCO<\/h5>\n<p>[\/vc_column_text][\/vc_column][\/vc_row]<\/p>\n","protected":false},"excerpt":{"rendered":"<p>[vc_row][vc_column][vc_column_text] \u2063&#8221;Ante un futuro incierto, debemos formar personas con un car\u00e1cter transformador y curioso&#8221; David Bueno, director de la c\u00e1tedra de Neuro Educaci\u00f3n de La Universida de Barcelona &nbsp; Estamos en el mejor momento para redirigir y reestructurar la ense\u00f1anza, sobre todo para garantizar que todas las personas tengan acceso a la educaci\u00f3n. &nbsp; De [&hellip;]<\/p>\n","protected":false},"author":2,"featured_media":2302,"comment_status":"open","ping_status":"open","sticky":false,"template":"","format":"standard","meta":{"inline_featured_image":false,"_mi_skip_tracking":false,"footnotes":""},"categories":[2,138],"tags":[4,128,129,130],"class_list":["post-2301","post","type-post","status-publish","format-standard","has-post-thumbnail","hentry","category-noticias","category-tendencias-educativas","tag-educacion-y-aprendizaje","tag-reimaginar-el-futuro","tag-renovar-la-educacion","tag-unesco"],"acf":[],"aioseo_notices":[],"_links":{"self":[{"href":"https:\/\/digitalfamily.mx\/innovandojuntos\/wp-json\/wp\/v2\/posts\/2301","targetHints":{"allow":["GET"]}}],"collection":[{"href":"https:\/\/digitalfamily.mx\/innovandojuntos\/wp-json\/wp\/v2\/posts"}],"about":[{"href":"https:\/\/digitalfamily.mx\/innovandojuntos\/wp-json\/wp\/v2\/types\/post"}],"author":[{"embeddable":true,"href":"https:\/\/digitalfamily.mx\/innovandojuntos\/wp-json\/wp\/v2\/users\/2"}],"replies":[{"embeddable":true,"href":"https:\/\/digitalfamily.mx\/innovandojuntos\/wp-json\/wp\/v2\/comments?post=2301"}],"version-history":[{"count":3,"href":"https:\/\/digitalfamily.mx\/innovandojuntos\/wp-json\/wp\/v2\/posts\/2301\/revisions"}],"predecessor-version":[{"id":3470,"href":"https:\/\/digitalfamily.mx\/innovandojuntos\/wp-json\/wp\/v2\/posts\/2301\/revisions\/3470"}],"wp:featuredmedia":[{"embeddable":true,"href":"https:\/\/digitalfamily.mx\/innovandojuntos\/wp-json\/wp\/v2\/media\/2302"}],"wp:attachment":[{"href":"https:\/\/digitalfamily.mx\/innovandojuntos\/wp-json\/wp\/v2\/media?parent=2301"}],"wp:term":[{"taxonomy":"category","embeddable":true,"href":"https:\/\/digitalfamily.mx\/innovandojuntos\/wp-json\/wp\/v2\/categories?post=2301"},{"taxonomy":"post_tag","embeddable":true,"href":"https:\/\/digitalfamily.mx\/innovandojuntos\/wp-json\/wp\/v2\/tags?post=2301"}],"curies":[{"name":"wp","href":"https:\/\/api.w.org\/{rel}","templated":true}]}}