{"id":324,"date":"2020-09-21T09:03:56","date_gmt":"2020-09-21T14:03:56","guid":{"rendered":"http:\/\/test.anacalderon.mx\/?p=324"},"modified":"2022-06-02T18:59:47","modified_gmt":"2022-06-02T23:59:47","slug":"ciudadania-digital-de-importante-a-prioritario","status":"publish","type":"post","link":"https:\/\/digitalfamily.mx\/innovandojuntos\/ciudadania-digital-de-importante-a-prioritario\/","title":{"rendered":"Ciudadan\u00eda Digital, de importante a prioritario"},"content":{"rendered":"<p>[vc_row][vc_column css=&#8221;.vc_custom_1600750668695{padding-top: 30px !important;padding-right: 25px !important;padding-bottom: 30px !important;padding-left: 25px !important;}&#8221;][vc_column_text]<\/p>\n<p style=\"text-align: center;\"><b style=\"background: linear-gradient(163deg, rgba(228,86,97,1) 0%, rgba(219,119,18,1) 100%); -webkit-background-clip: text; -webkit-text-fill-color: transparent; font-size: 36px;\">Ciudadan\u00eda Digital, de importante a prioritario<\/b><\/p>\n<p>&nbsp;<\/p>\n<p><span style=\"font-weight: 600;\">El concepto de ciudadan\u00eda digital se ha convertido en el centro de las discusiones en torno a la juventud, la educaci\u00f3n y el aprendizaje en el siglo XXI. En Digital Family reconocemos que brindar un sentido de prop\u00f3sito para usar tecnolog\u00eda va m\u00e1s all\u00e1 de la idea de que &#8220;dichos dispositivos pueden meternos en problemas\u201d.&nbsp;<\/span><\/p>\n<p>&nbsp;<\/p>\n<p><span style=\"font-weight: 600;\">La ciudadan\u00eda digital se refiere al uso responsable de la tecnolog\u00eda para aprender, crear y participar.<\/span><\/p>\n<p>&nbsp;<\/p>\n<p><span style=\"font-weight: 600;\">Mientras que los medios digitales y la tecnolog\u00eda contin\u00faan evolucionando a un ritmo acelerado, brindando oportunidades extraordinarias, as\u00ed como desaf\u00edos reales para ni\u00f1os y j\u00f3venes, los ni\u00f1os y los adolescentes usan el inmenso poder de Internet y tecnolog\u00edas m\u00f3viles para explorar, conectar, crear y aprender de formas nunca antes imaginadas.<\/span><\/p>\n<p>&nbsp;<\/p>\n<p><span style=\"font-weight: 600;\">Por esto, se vuelve cada vez m\u00e1s necesario tomar un papel protagonista en la manera en que estos ni\u00f1os y j\u00f3venes se relacionan con este nuevo universo tecnol\u00f3gico sin salirse de control.<\/span><\/p>\n<p>&nbsp;<\/p>\n<h3><b>\u00bfPor qu\u00e9 es prioritario desarrollar y fomentar la competencia de&nbsp; ciudadan\u00eda digital?<\/b><\/h3>\n<p>&nbsp;<\/p>\n<p><span style=\"font-weight: 600;\">Los educadores y los padres estamos luchando por encontrar sentido a este nuevo mundo y c\u00f3mo preparar a los ni\u00f1os para que utilicen la tecnolog\u00eda de manera responsable para aprender, crear y participar, es decir, c\u00f3mo ser ciudadanos digitales.<\/span><\/p>\n<p>&nbsp;<\/p>\n<p><span style=\"font-weight: 600;\">La ciudadan\u00eda digital es una habilidad fundamental para el aprendizaje y la vida. A medida que las l\u00edneas entre la vida digital y la vida real se fusionan, debemos preparar a los j\u00f3venes para aprovechar el poder de la tecnolog\u00eda para la participaci\u00f3n responsable y el compromiso activo.<\/span><\/p>\n<p>&nbsp;<\/p>\n<p><span style=\"font-weight: 600;\">Sin una base firme en las cuestiones \u00e9ticas y morales de la vida digital, no podemos prepararlos para el futuro.&nbsp;<\/span><\/p>\n<p>&nbsp;<\/p>\n<p><span style=\"font-weight: 600;\">Este es un llamado a la acci\u00f3n para todos los educadores y padres.<\/span><\/p>\n<p>&nbsp;<\/p>\n<p><span style=\"font-weight: 600;\">La tecnolog\u00eda est\u00e1 insertada de todas las formas posibles en nuestras actividades cotidianas y al ser tan invasivas, existen tambi\u00e9n muchos riesgos al usarlas. Est\u00e1 del lado de cada persona usar los medios digitales apropiadamente, respetando a otras personas, contenidos y espacios digitales.<\/span><\/p>\n<p>&nbsp;<\/p>\n<h3><b>\u00bfC\u00f3mo se fomenta la ciudadan\u00eda digital?<\/b><\/h3>\n<p>&nbsp;<\/p>\n<p><span style=\"font-weight: 600;\">Para construir una cultura de ciudadan\u00eda digital podemos iniciar por hacer una reflexi\u00f3n sobre c\u00f3mo nos relacionamos con la tecnolog\u00eda en la escuela y en casa y qu\u00e9 tipo de herramientas utilizamos en todos los aspectos de nuestra vida.&nbsp;<\/span><\/p>\n<p>&nbsp;<\/p>\n<h3><b>\u00bfQu\u00e9 hacemos con la tecnolog\u00eda?<\/b><\/h3>\n<p>&nbsp;<\/p>\n<p><span style=\"font-weight: 600;\">Con qui\u00e9n y, sobre todo, c\u00f3mo interactuamos a trav\u00e9s de ella. Queramos o no, la tecnolog\u00eda y el mundo digital forman parte de nuestras vidas. Construir una cultura de ciudadan\u00eda digital implica que todos compartamos la visi\u00f3n de usarla de manera responsable, para aprender, crear y participar.<\/span><\/p>\n<p>&nbsp;<\/p>\n<h3><b>Para los docentes:<\/b><\/h3>\n<p>&nbsp;<\/p>\n<p><span style=\"font-weight: 600;\">M\u00e1s que una lecci\u00f3n a ense\u00f1ar en una clase en espec\u00edfico, se trata de construir una visi\u00f3n compartida que todos busquen alcanzar cada d\u00eda. Desde qu\u00e9, c\u00f3mo y por d\u00f3nde nos comunicamos, hasta c\u00f3mo involucramos a la tecnolog\u00eda en procesos de aprendizaje.&nbsp;<\/span><\/p>\n<p>&nbsp;<\/p>\n<h3><b>Y en casa, para los pap\u00e1s:<\/b><\/h3>\n<p>&nbsp;<\/p>\n<p><span style=\"font-weight: 600;\">M\u00e1s all\u00e1 de mensajes aislados y congruentes, cu\u00e1l es la postura frente a la tecnolog\u00eda y el uso responsable de la misma por todos los miembros de la familia, no s\u00f3lo de los ni\u00f1os.<\/span><\/p>\n<p>&nbsp;<\/p>\n<p><span style=\"font-weight: 600;\">Lo que es m\u00e1s importante: aprovecharla y convertir esto en una experiencia positiva y enriquecedora.&nbsp;<\/span><\/p>\n<p>&nbsp;<\/p>\n<p><span style=\"font-weight: 600;\">En resumen, la ciudadan\u00eda digital ciudadan\u00eda digital es el uso responsable de la tecnolog\u00eda para aprender, crear y participar; es la nueva forma de interactuar con toda la tecnolog\u00eda a la que tenemos acceso, para saber bien qu\u00e9 hacer con ella y c\u00f3mo la usamos en nuestro favor y beneficio, respetando a otros.<\/span><\/p>\n<p>&nbsp;<\/p>\n<p><span style=\"font-weight: 600;\">Para Digital Family, la ciudadan\u00eda digital es uno de los pilares de nuestra organizaci\u00f3n, integramos esfuerzos de ciudadan\u00eda digital en todo lo que hacemos. Cont\u00e1ctanos y conoce m\u00e1s acerca de las actividades que realizamos enfocadas en ciudadan\u00eda digital.<\/span>[\/vc_column_text][\/vc_column][\/vc_row][vc_row][vc_column][vc_single_image image=&#8221;1326&#8243; img_size=&#8221;medium&#8221; alignment=&#8221;center&#8221; css=&#8221;.vc_custom_1600750706526{padding-top: 30px !important;}&#8221;][\/vc_column][\/vc_row]<\/p>\n","protected":false},"excerpt":{"rendered":"<p>El concepto de ciudadan\u00eda digital se ha convertido en el centro de las discusiones en torno a la juventud, la educaci\u00f3n y el aprendizaje en el siglo XXI. <\/p>\n","protected":false},"author":5,"featured_media":1551,"comment_status":"open","ping_status":"open","sticky":false,"template":"","format":"standard","meta":{"inline_featured_image":false,"_mi_skip_tracking":false,"footnotes":""},"categories":[2],"tags":[],"class_list":["post-324","post","type-post","status-publish","format-standard","has-post-thumbnail","hentry","category-noticias"],"acf":[],"aioseo_notices":[],"_links":{"self":[{"href":"https:\/\/digitalfamily.mx\/innovandojuntos\/wp-json\/wp\/v2\/posts\/324","targetHints":{"allow":["GET"]}}],"collection":[{"href":"https:\/\/digitalfamily.mx\/innovandojuntos\/wp-json\/wp\/v2\/posts"}],"about":[{"href":"https:\/\/digitalfamily.mx\/innovandojuntos\/wp-json\/wp\/v2\/types\/post"}],"author":[{"embeddable":true,"href":"https:\/\/digitalfamily.mx\/innovandojuntos\/wp-json\/wp\/v2\/users\/5"}],"replies":[{"embeddable":true,"href":"https:\/\/digitalfamily.mx\/innovandojuntos\/wp-json\/wp\/v2\/comments?post=324"}],"version-history":[{"count":1,"href":"https:\/\/digitalfamily.mx\/innovandojuntos\/wp-json\/wp\/v2\/posts\/324\/revisions"}],"predecessor-version":[{"id":2988,"href":"https:\/\/digitalfamily.mx\/innovandojuntos\/wp-json\/wp\/v2\/posts\/324\/revisions\/2988"}],"wp:featuredmedia":[{"embeddable":true,"href":"https:\/\/digitalfamily.mx\/innovandojuntos\/wp-json\/wp\/v2\/media\/1551"}],"wp:attachment":[{"href":"https:\/\/digitalfamily.mx\/innovandojuntos\/wp-json\/wp\/v2\/media?parent=324"}],"wp:term":[{"taxonomy":"category","embeddable":true,"href":"https:\/\/digitalfamily.mx\/innovandojuntos\/wp-json\/wp\/v2\/categories?post=324"},{"taxonomy":"post_tag","embeddable":true,"href":"https:\/\/digitalfamily.mx\/innovandojuntos\/wp-json\/wp\/v2\/tags?post=324"}],"curies":[{"name":"wp","href":"https:\/\/api.w.org\/{rel}","templated":true}]}}