{"id":3296,"date":"2022-09-30T14:18:35","date_gmt":"2022-09-30T19:18:35","guid":{"rendered":"https:\/\/digitalfamily.mx\/innovandojuntos\/?p=3296"},"modified":"2022-10-02T12:49:58","modified_gmt":"2022-10-02T17:49:58","slug":"mes-de-la-ciudadania-digital-convirtiendonos-en-ciudadanos-digitales-empaticos-activos-y-responsables","status":"publish","type":"post","link":"https:\/\/digitalfamily.mx\/innovandojuntos\/mes-de-la-ciudadania-digital-convirtiendonos-en-ciudadanos-digitales-empaticos-activos-y-responsables\/","title":{"rendered":"Mes de la Ciudadan\u00eda Digital: Convirti\u00e9ndonos en Ciudadanos Digitales emp\u00e1ticos, activos y responsables"},"content":{"rendered":"\n<h3 class=\"wp-block-heading\">Construyamos el mundo digital que queremos para el futuro<\/h3>\n\n\n\n<p>Digital Family celebra el mes de la Ciudadan\u00eda Digital, un pilar esencial de nuestra organizaci\u00f3n, compartiendo informaci\u00f3n y recursos para instituciones educativas, docentes y familias con el fin de que la comunidad en general, cuente con herramientas que les permitan reforzar la ciudadan\u00eda digital en sus propias comunidades.<\/p>\n\n\n\n<p>Seguimos avanzando cada vez m\u00e1s r\u00e1pido hacia un mundo inmerso en la tecnolog\u00eda, en donde \u00e9sta forma parte clave de nuestras vidas. Los medios digitales y la tecnolog\u00eda contin\u00faan evolucionando a un ritmo acelerado, brindando oportunidades extraordinarias, as\u00ed como desaf\u00edos reales para ni\u00f1os y j\u00f3venes. <\/p>\n\n\n\n<p>Los ni\u00f1os y los adolescentes usan el inmenso poder de Internet y tecnolog\u00edas m\u00f3viles para explorar, conectar, crear y aprender de formas nunca antes imaginadas. Pero con este poder vienen los dilemas \u00e9ticos y retos desafiantes, como el acoso cibern\u00e9tico, el discurso de odio, violaciones de privacidad, distracci\u00f3n digital y m\u00e1s, que est\u00e1n surgiendo tanto en las escuelas como en casa.&nbsp;&nbsp;&nbsp;<\/p>\n\n\n\n<p>Los educadores y padres de familia nos enfrentamos a un nuevo mundo en el que tenemos que aprender y actuar r\u00e1pido, intentando al mismo tiempo preparar a los ni\u00f1os para que utilicen la tecnolog\u00eda de manera responsable para aprender, crear y participar, es decir, c\u00f3mo ser ciudadanos digitales. <\/p>\n\n\n\n<h2 class=\"wp-block-heading\">Participa en el mes de la Ciudadan\u00eda Digital de Digital Family<\/h2>\n\n\n\n<p>La ciudadan\u00eda digital es una habilidad fundamental para el aprendizaje y la vida, por lo que parte de nuestra misi\u00f3n es acercar a docentes y padres a esta nueva realidad, dot\u00e1ndolos de informaci\u00f3n y herramientas que les ayuden a estar preparados antes los nuevos retos del siglo XXI.<\/p>\n\n\n\n<p>Queremos invitarte a que sea parte de este gran evento y que junto con tu familia o comunidad educativa, colegas docentes y alumnos, hagas un recorrido por las actividades que tenemos planeadas en este mes de octubre para convertirnos todos en ciudadanos digitales responsables.<\/p>\n\n\n\n<h2 class=\"wp-block-heading\">Itinerario de viaje<\/h2>\n\n\n\n<h3 class=\"wp-block-heading\"><a href=\"https:\/\/bit.ly\/DFDicCitMonth\" target=\"_blank\" rel=\"noreferrer noopener\">Pasaporte digital<\/a><\/h3>\n\n\n\n<p>Nuestro recorrido inicia con la descarga de tu pasaporte digital. Para ser un ciudadano digital legal necesitas tener tu pasaporte, aquel que te acredita como ciudadano digital oficial y tal y como sucede en el mundo f\u00edsico, necesitas visas, en este casos sellos, que acreditan la validaci\u00f3n de tu paso por cada lugar.<\/p>\n\n\n\n<figure class=\"wp-block-image size-full is-resized\"><img loading=\"lazy\" decoding=\"async\" src=\"https:\/\/digitalfamily.mx\/innovandojuntos\/wp-content\/uploads\/2022\/09\/image-8.png\" alt=\"\" class=\"wp-image-3297\" width=\"297\" height=\"410\" srcset=\"https:\/\/digitalfamily.mx\/innovandojuntos\/wp-content\/uploads\/2022\/09\/image-8.png 446w, https:\/\/digitalfamily.mx\/innovandojuntos\/wp-content\/uploads\/2022\/09\/image-8-217x300.png 217w\" sizes=\"auto, (max-width: 297px) 100vw, 297px\" \/><\/figure>\n\n\n\n<h2 class=\"wp-block-heading\">\u00bfQu\u00e9 tienes que hacer?<\/h2>\n\n\n\n<h3 class=\"wp-block-heading\">Estos son los pasos<\/h3>\n\n\n\n<ol class=\"wp-block-list\"><li>D<a href=\"https:\/\/bit.ly\/DFDicCitMonth\" target=\"_blank\" rel=\"noreferrer noopener\">escarga tu pasaporte digital y personal\u00edzalo:<\/a> ponle tu nombre, tu fotos y todos tus datos.<\/li><li>Colecciona los sellos\/visas que estaremos liberando durante todo el mes en nuestras redes sociales, blog y durante nuestros eventos en l\u00ednea. Cada sello representa una habilidad digital que requerimos como ciudadanos digitales para convertirnos en personas digitalmente responsables, activos y con criterio.<\/li><li>Ve colocando los sellos en tu pasaporte. \u00a1Son 5 en total!<\/li><li>Completa los sellos en tu pasaporte para certificar que te has convertido en un ciudadano digital emp\u00e1tico, activo y responsable.<\/li><\/ol>\n\n\n\n<p>Si quieres, puedes compartir tu avance o tu pasaporte en tus redes sociales etiquetando a Digital Family en las distintas redes sociales para que cada vez m\u00e1s personas se sumen a nuestra actividad y seamos m\u00e1s los ciudadanos digitales responsables.<\/p>\n\n\n\n<p>Al finalizar podr\u00e1s descargar el certificado que te acredita como un Ciudadano Digital oficial, o bien puedes descargarlo y personalizarlo para compartirlo con tus alumnos, amigos o familiares.<\/p>\n\n\n\n<p>No olvides estar pendiente de todas nuestras redes y plataformas para seguir todas las actividades que tenemos planeadas. Recuerda, \u00a1la ciudadan\u00eda digital la hacemos todos!<\/p>\n","protected":false},"excerpt":{"rendered":"<p>Construyamos el mundo digital que queremos para el futuro Digital Family celebra el mes de la Ciudadan\u00eda Digital, un pilar esencial de nuestra organizaci\u00f3n, compartiendo informaci\u00f3n y recursos para instituciones educativas, docentes y familias con el fin de que la comunidad en general, cuente con herramientas que les permitan reforzar la ciudadan\u00eda digital en sus [&hellip;]<\/p>\n","protected":false},"author":2,"featured_media":3298,"comment_status":"open","ping_status":"open","sticky":false,"template":"","format":"standard","meta":{"inline_featured_image":false,"_mi_skip_tracking":false,"footnotes":""},"categories":[141],"tags":[9],"class_list":["post-3296","post","type-post","status-publish","format-standard","has-post-thumbnail","hentry","category-eventos","tag-ciudadania-digital"],"acf":[],"aioseo_notices":[],"_links":{"self":[{"href":"https:\/\/digitalfamily.mx\/innovandojuntos\/wp-json\/wp\/v2\/posts\/3296","targetHints":{"allow":["GET"]}}],"collection":[{"href":"https:\/\/digitalfamily.mx\/innovandojuntos\/wp-json\/wp\/v2\/posts"}],"about":[{"href":"https:\/\/digitalfamily.mx\/innovandojuntos\/wp-json\/wp\/v2\/types\/post"}],"author":[{"embeddable":true,"href":"https:\/\/digitalfamily.mx\/innovandojuntos\/wp-json\/wp\/v2\/users\/2"}],"replies":[{"embeddable":true,"href":"https:\/\/digitalfamily.mx\/innovandojuntos\/wp-json\/wp\/v2\/comments?post=3296"}],"version-history":[{"count":2,"href":"https:\/\/digitalfamily.mx\/innovandojuntos\/wp-json\/wp\/v2\/posts\/3296\/revisions"}],"predecessor-version":[{"id":3320,"href":"https:\/\/digitalfamily.mx\/innovandojuntos\/wp-json\/wp\/v2\/posts\/3296\/revisions\/3320"}],"wp:featuredmedia":[{"embeddable":true,"href":"https:\/\/digitalfamily.mx\/innovandojuntos\/wp-json\/wp\/v2\/media\/3298"}],"wp:attachment":[{"href":"https:\/\/digitalfamily.mx\/innovandojuntos\/wp-json\/wp\/v2\/media?parent=3296"}],"wp:term":[{"taxonomy":"category","embeddable":true,"href":"https:\/\/digitalfamily.mx\/innovandojuntos\/wp-json\/wp\/v2\/categories?post=3296"},{"taxonomy":"post_tag","embeddable":true,"href":"https:\/\/digitalfamily.mx\/innovandojuntos\/wp-json\/wp\/v2\/tags?post=3296"}],"curies":[{"name":"wp","href":"https:\/\/api.w.org\/{rel}","templated":true}]}}