{"id":3375,"date":"2022-10-05T14:45:14","date_gmt":"2022-10-05T19:45:14","guid":{"rendered":"https:\/\/digitalfamily.mx\/innovandojuntos\/?p=3375"},"modified":"2023-10-11T13:50:45","modified_gmt":"2023-10-11T18:50:45","slug":"competencias-de-ciudadania-digital-inclusion","status":"publish","type":"post","link":"https:\/\/digitalfamily.mx\/innovandojuntos\/competencias-de-ciudadania-digital-inclusion\/","title":{"rendered":"Competencias de ciudadan\u00eda digital: Inclusi\u00f3n"},"content":{"rendered":"\n<p><a href=\"https:\/\/digitalfamily.mx\/innovandojuntos\/descarga-tu-pasaporte-de-ciudadano-digital\/\" target=\"_blank\" rel=\"noreferrer noopener\"><strong>\u00bfQu\u00e9 tal vas con tu pasaporte de Ciudadano Digital?<\/strong><\/a> , \u00bfya lo has descargado? No olvides que este mes todas nuestras actividades est\u00e1n enfocadas a fomentar, inspirar y construir una ciudadan\u00eda digital responsable, una tarea que nos importa a todos: padres, docentes, l\u00edderes educativos, j\u00f3venes y ni\u00f1os.<\/p>\n\n\n\n<p>En esta ocasi\u00f3n queremos hablarte un poco m\u00e1s de las <a href=\"https:\/\/digitalfamily.mx\/innovandojuntos\/competencias-de-la-ciudadania-digital\/\" target=\"_blank\" rel=\"noreferrer noopener\"><strong>competencias de ciudadan\u00eda digital<\/strong><\/a>, principalmente de la Inclusi\u00f3n. Un<strong> ciudadano digital inclusivo<\/strong> es aquel que est\u00e1 siempre abierto a escuchar y reconocer respetuosamente m\u00faltiples puntos de vista y que se relaciona con otros en l\u00ednea, con respeto y empat\u00eda.<\/p>\n\n\n\n<p>Ser un ciudadano digital inclusivo tambi\u00e9n se refiere a no dejar a nadie atr\u00e1s, propiciando espacios digitales aptos, en los que cualquier persona se sienta confiada de navegar en un ambiente seguro.<\/p>\n\n\n\n<p>Te invitamos a ver nuestro video para saber m\u00e1s sobre lo que significa ser un ciudadano digital y una vez que hayas aprendido y compartido con tu comunidad, est\u00e1s listo para tu primer reconocimiento.<\/p>\n\n\n\n<p>\u00a1Gracias por ser parte de las personas que transforman la educaci\u00f3n!<\/p>\n\n\n\n<div style=\"height:100px\" aria-hidden=\"true\" class=\"wp-block-spacer\"><\/div>\n\n\n\n<figure class=\"wp-block-embed is-provider-youtube wp-block-embed-youtube\"><div class=\"wp-block-embed__wrapper\">\n<iframe loading=\"lazy\" title=\"Ser inclusivo en la Ciudadan\u00eda Digital\" width=\"500\" height=\"281\" src=\"https:\/\/www.youtube.com\/embed\/jLXe170zWyg?feature=oembed\" frameborder=\"0\" allow=\"accelerometer; autoplay; clipboard-write; encrypted-media; gyroscope; picture-in-picture; web-share\" referrerpolicy=\"strict-origin-when-cross-origin\" allowfullscreen><\/iframe>\n<\/div><\/figure>\n\n\n\n<div style=\"height:100px\" aria-hidden=\"true\" class=\"wp-block-spacer\"><\/div>\n\n\n\n<h3 class=\"wp-block-heading has-text-align-center\"><strong>Descarga tu sello de INCLUSI\u00d3N para tu pasaporte<\/strong><\/h3>\n\n\n\n\n\n<iframe loading=\"lazy\" src=\"https:\/\/docs.google.com\/forms\/d\/e\/1FAIpQLSfNnOiSzT00X_fI1Vc15Wy0-4rO1l9CRu8KsVmoFIdIYor8PA\/viewform?embedded=true\" width=\"640\" height=\"1385\" frameborder=\"0\" marginheight=\"0\" marginwidth=\"0\">Cargando\u2026<\/iframe>\n","protected":false},"excerpt":{"rendered":"<p>\u00bfQu\u00e9 tal vas con tu pasaporte de Ciudadano Digital? , \u00bfya lo has descargado? No olvides que este mes todas nuestras actividades est\u00e1n enfocadas a fomentar, inspirar y construir una ciudadan\u00eda digital responsable, una tarea que nos importa a todos: padres, docentes, l\u00edderes educativos, j\u00f3venes y ni\u00f1os. En esta ocasi\u00f3n queremos hablarte un poco m\u00e1s [&hellip;]<\/p>\n","protected":false},"author":2,"featured_media":3383,"comment_status":"open","ping_status":"open","sticky":false,"template":"","format":"standard","meta":{"inline_featured_image":false,"_mi_skip_tracking":false,"footnotes":""},"categories":[142],"tags":[9,19],"class_list":["post-3375","post","type-post","status-publish","format-standard","has-post-thumbnail","hentry","category-articulos","tag-ciudadania-digital","tag-navegar-seguro"],"acf":[],"aioseo_notices":[],"_links":{"self":[{"href":"https:\/\/digitalfamily.mx\/innovandojuntos\/wp-json\/wp\/v2\/posts\/3375","targetHints":{"allow":["GET"]}}],"collection":[{"href":"https:\/\/digitalfamily.mx\/innovandojuntos\/wp-json\/wp\/v2\/posts"}],"about":[{"href":"https:\/\/digitalfamily.mx\/innovandojuntos\/wp-json\/wp\/v2\/types\/post"}],"author":[{"embeddable":true,"href":"https:\/\/digitalfamily.mx\/innovandojuntos\/wp-json\/wp\/v2\/users\/2"}],"replies":[{"embeddable":true,"href":"https:\/\/digitalfamily.mx\/innovandojuntos\/wp-json\/wp\/v2\/comments?post=3375"}],"version-history":[{"count":7,"href":"https:\/\/digitalfamily.mx\/innovandojuntos\/wp-json\/wp\/v2\/posts\/3375\/revisions"}],"predecessor-version":[{"id":5829,"href":"https:\/\/digitalfamily.mx\/innovandojuntos\/wp-json\/wp\/v2\/posts\/3375\/revisions\/5829"}],"wp:featuredmedia":[{"embeddable":true,"href":"https:\/\/digitalfamily.mx\/innovandojuntos\/wp-json\/wp\/v2\/media\/3383"}],"wp:attachment":[{"href":"https:\/\/digitalfamily.mx\/innovandojuntos\/wp-json\/wp\/v2\/media?parent=3375"}],"wp:term":[{"taxonomy":"category","embeddable":true,"href":"https:\/\/digitalfamily.mx\/innovandojuntos\/wp-json\/wp\/v2\/categories?post=3375"},{"taxonomy":"post_tag","embeddable":true,"href":"https:\/\/digitalfamily.mx\/innovandojuntos\/wp-json\/wp\/v2\/tags?post=3375"}],"curies":[{"name":"wp","href":"https:\/\/api.w.org\/{rel}","templated":true}]}}