{"id":5649,"date":"2023-10-03T08:16:31","date_gmt":"2023-10-03T13:16:31","guid":{"rendered":"https:\/\/digitalfamily.mx\/innovandojuntos\/?p=5649"},"modified":"2023-10-13T09:30:13","modified_gmt":"2023-10-13T14:30:13","slug":"ciudadania-digital-en-accion-creando-un-cambio-positivo-en-la-forma-en-que-interactuamos-en-linea-cada-dia","status":"publish","type":"post","link":"https:\/\/digitalfamily.mx\/innovandojuntos\/ciudadania-digital-en-accion-creando-un-cambio-positivo-en-la-forma-en-que-interactuamos-en-linea-cada-dia\/","title":{"rendered":"Ciudadan\u00eda Digital en Acci\u00f3n: Creando un cambio positivo en la forma en que interactuamos en l\u00ednea cada d\u00eda"},"content":{"rendered":"\n<p>Como cada a\u00f1o, Digital Family se suma a las celebraciones de la semana mundial de la <a href=\"https:\/\/digitalfamily.mx\/innovandojuntos\/ciudadania-digital-de-importante-a-prioritario\/\" target=\"_blank\" rel=\"noopener\" title=\"Ciudadan\u00eda Digital, de importante a prioritario\">Ciudadan\u00eda Digital<\/a>, uno de los pilares de nuestra familia, para resaltar la importancia de fomentar una navegaci\u00f3n digital positiva, segura y responsable entre la comunidad educativa, padres, j\u00f3venes y ni\u00f1os.<\/p>\n\n\n\n<p>Para ello llevaremos a cabo el evento <strong>\u201cCiudadan\u00eda Digital en Acci\u00f3n: Creando un cambio positivo en la forma en que interactuamos en l\u00ednea cada d\u00eda\u201d<\/strong>.<\/p>\n\n\n\n<figure class=\"wp-block-image size-large\"><img loading=\"lazy\" decoding=\"async\" width=\"1024\" height=\"576\" src=\"https:\/\/digitalfamily.mx\/innovandojuntos\/wp-content\/uploads\/2023\/10\/1-1024x576.png\" alt=\"ciudadan\u00eda digital - evento\" class=\"wp-image-5650\" srcset=\"https:\/\/digitalfamily.mx\/innovandojuntos\/wp-content\/uploads\/2023\/10\/1-1024x576.png 1024w, https:\/\/digitalfamily.mx\/innovandojuntos\/wp-content\/uploads\/2023\/10\/1-300x169.png 300w, https:\/\/digitalfamily.mx\/innovandojuntos\/wp-content\/uploads\/2023\/10\/1-768x432.png 768w, https:\/\/digitalfamily.mx\/innovandojuntos\/wp-content\/uploads\/2023\/10\/1-1536x864.png 1536w, https:\/\/digitalfamily.mx\/innovandojuntos\/wp-content\/uploads\/2023\/10\/1.png 1680w\" sizes=\"auto, (max-width: 1024px) 100vw, 1024px\" \/><\/figure>\n\n\n\n<p>La <a href=\"https:\/\/digitalfamily.mx\/innovandojuntos\/que-es-ciudadania-digital-y-por-que-es-importante-promoverla\/\" target=\"_blank\" rel=\"noopener\" title=\"Qu\u00e9 es ciudadan\u00eda digital y por qu\u00e9 es importante promoverla\">ciudadan\u00eda digital<\/a> la celebramos este mes, pero es algo que debemos practicar todos los d\u00edas. Con este evento queremos fomentar la percepci\u00f3n de la ciudadan\u00eda digital, ya no como una alternativa a nuestro mundo offline, sino a verlo como una acci\u00f3n diaria, algo que necesitamos practicar y hacer todos los d\u00edas.&nbsp;<\/p>\n\n\n\n<p>En el mundo interconectado de hoy, cada d\u00eda tenemos una oportunidad para poner en pr\u00e1ctica una ciudadan\u00eda digital responsable, conectando, aprendiendo y poniendo pr\u00e1ctica, entendiendo c\u00f3mo la tecnolog\u00eda y la innovaci\u00f3n educativa est\u00e1n moldeando nuestro futuro digital responsable.<\/p>\n\n\n\n<p>\u201cAvanzando juntos hacia un futuro digital responsable\u201d<\/p>\n\n\n\n<p><\/p>\n\n\n\n<h3 class=\"wp-block-heading\">Webinar: Desde YouTube, Facebook y LInkedin<br>D\u00eda: Jueves 19 de octubre<br>Hora: 18:00 h (M\u00e9xico)<\/h3>\n\n\n\n<div style=\"height:37px\" aria-hidden=\"true\" class=\"wp-block-spacer\"><\/div>\n\n\n\n<h4 class=\"wp-block-heading\"><em><strong>*Al terminar el webinar recibir\u00e1s un enlace para obtener tu certificado de participaci\u00f3n.<\/strong><\/em><\/h4>\n\n\n\n<div style=\"height:50px\" aria-hidden=\"true\" class=\"wp-block-spacer\"><\/div>\n\n\n\n<div class=\"wp-block-buttons is-layout-flex wp-block-buttons-is-layout-flex\">\n<div class=\"wp-block-button is-style-fill\"><a class=\"wp-block-button__link wp-element-button\" href=\"https:\/\/www.youtube.com\/watch?v=Od1Dkm-ixe4\">Transmisi\u00f3n online<\/a><\/div>\n<\/div>\n\n\n\n<div style=\"height:54px\" aria-hidden=\"true\" class=\"wp-block-spacer\"><\/div>\n\n\n\n<div class=\"wp-block-buttons is-layout-flex wp-block-buttons-is-layout-flex\">\n<div class=\"wp-block-button is-style-fill\"><a class=\"wp-block-button__link wp-element-button\" href=\"https:\/\/calendar.google.com\/calendar\/render?action=TEMPLATE&amp;dates=20231020T000000Z%2F20231020T003000Z&amp;details=Celebramos%20la%20semana%20mundial%20de%20la%20Ciudadan%C3%ADa%20digital%20con%20una%20convivencia%20digital%20en%20la%20que%20compartiremos%20experiencias%20y%20recomendaciones%20para%20ser%20ciudadanos%20activos%20y%20responsables.%20Todos%20los%20d%C3%ADas.&amp;location=https%3A%2F%2Fwww.youtube.com%2Fwatch%3Fv%3DOd1Dkm-ixe4&amp;text=%E2%80%9CCiudadan%C3%ADa%20Digital%20en%20Acci%C3%B3n%3A%20Creando%20un%20cambio%20positivo%20en%20la%20forma%20en%20que%20interactuamos%20en%20l%C3%ADnea%20cada%20d%C3%ADa%E2%80%9D.\">Agenda la fecha en tu calendario<\/a><\/div>\n<\/div>\n","protected":false},"excerpt":{"rendered":"<p>Como cada a\u00f1o, Digital Family se suma a las celebraciones de la semana mundial de la Ciudadan\u00eda Digital, uno de los pilares de nuestra familia, para resaltar la importancia de fomentar una navegaci\u00f3n digital positiva, segura y responsable entre la comunidad educativa, padres, j\u00f3venes y ni\u00f1os. Para ello llevaremos a cabo el evento \u201cCiudadan\u00eda Digital [&hellip;]<\/p>\n","protected":false},"author":6,"featured_media":5650,"comment_status":"open","ping_status":"open","sticky":false,"template":"","format":"standard","meta":{"inline_featured_image":false,"_mi_skip_tracking":false,"footnotes":""},"categories":[141],"tags":[106],"class_list":["post-5649","post","type-post","status-publish","format-standard","has-post-thumbnail","hentry","category-eventos","tag-ciudadaia-digital"],"acf":[],"aioseo_notices":[],"_links":{"self":[{"href":"https:\/\/digitalfamily.mx\/innovandojuntos\/wp-json\/wp\/v2\/posts\/5649","targetHints":{"allow":["GET"]}}],"collection":[{"href":"https:\/\/digitalfamily.mx\/innovandojuntos\/wp-json\/wp\/v2\/posts"}],"about":[{"href":"https:\/\/digitalfamily.mx\/innovandojuntos\/wp-json\/wp\/v2\/types\/post"}],"author":[{"embeddable":true,"href":"https:\/\/digitalfamily.mx\/innovandojuntos\/wp-json\/wp\/v2\/users\/6"}],"replies":[{"embeddable":true,"href":"https:\/\/digitalfamily.mx\/innovandojuntos\/wp-json\/wp\/v2\/comments?post=5649"}],"version-history":[{"count":5,"href":"https:\/\/digitalfamily.mx\/innovandojuntos\/wp-json\/wp\/v2\/posts\/5649\/revisions"}],"predecessor-version":[{"id":5856,"href":"https:\/\/digitalfamily.mx\/innovandojuntos\/wp-json\/wp\/v2\/posts\/5649\/revisions\/5856"}],"wp:featuredmedia":[{"embeddable":true,"href":"https:\/\/digitalfamily.mx\/innovandojuntos\/wp-json\/wp\/v2\/media\/5650"}],"wp:attachment":[{"href":"https:\/\/digitalfamily.mx\/innovandojuntos\/wp-json\/wp\/v2\/media?parent=5649"}],"wp:term":[{"taxonomy":"category","embeddable":true,"href":"https:\/\/digitalfamily.mx\/innovandojuntos\/wp-json\/wp\/v2\/categories?post=5649"},{"taxonomy":"post_tag","embeddable":true,"href":"https:\/\/digitalfamily.mx\/innovandojuntos\/wp-json\/wp\/v2\/tags?post=5649"}],"curies":[{"name":"wp","href":"https:\/\/api.w.org\/{rel}","templated":true}]}}