{"id":8131,"date":"2024-01-19T12:50:54","date_gmt":"2024-01-19T18:50:54","guid":{"rendered":"https:\/\/digitalfamily.mx\/innovandojuntos\/?p=8131"},"modified":"2024-01-19T13:55:58","modified_gmt":"2024-01-19T19:55:58","slug":"informe-el-futuro-de-la-educacion-creado-por-google-for-education-en-colaboracion-con-canvas8","status":"publish","type":"post","link":"https:\/\/digitalfamily.mx\/innovandojuntos\/informe-el-futuro-de-la-educacion-creado-por-google-for-education-en-colaboracion-con-canvas8\/","title":{"rendered":"Informe: El futuro de la educaci\u00f3n, creado por Google for Education en colaboraci\u00f3n con Canvas8"},"content":{"rendered":"\n<p>\u00bfHacia d\u00f3nde va la educaci\u00f3n?, \u00bfqu\u00e9 papel debe desempe\u00f1ar la educaci\u00f3n en los pr\u00f3ximos a\u00f1os?, \u00bfqu\u00e9 retos nos vamos a encontrar? \u00c9stas y muchas otras preguntas tienen respuesta en el informe <a href=\"https:\/\/edu.google.com\/future-of-education\/\" target=\"_blank\" rel=\"noopener\" title=\"\"><strong>&#8220;El futuro de la educaci\u00f3n&#8221;<\/strong><\/a> creado por <strong>Google Workspace<\/strong> en colaboraci\u00f3n con la empresa <a href=\"https:\/\/www.canvas8.com\/\" target=\"_blank\" rel=\"noopener\" title=\"\">Canvas8 <\/a>y con el asesoramiento de American Institutes for Research, una organizaci\u00f3n mundial sin fines de lucro.<\/p>\n\n\n\n<p>Este informe recoge informaci\u00f3n sobre 24 pa\u00edses y la opini\u00f3n de 94 expertos en educaci\u00f3n, con el objetivo de ofrecer a los docentes y responsables educativos una idea com\u00fan de las tendencias sobre el<br>futuro de la educaci\u00f3n, e inspirar ideas y debates sobre c\u00f3mo colaborar para que los alumnos y quienes les ayudan alcancen sus objetivos.<\/p>\n\n\n\n<figure class=\"wp-block-image size-large\"><img loading=\"lazy\" decoding=\"async\" width=\"1024\" height=\"529\" src=\"https:\/\/digitalfamily.mx\/innovandojuntos\/wp-content\/uploads\/2024\/01\/image-1-1024x529.png\" alt=\"\" class=\"wp-image-8152\" srcset=\"https:\/\/digitalfamily.mx\/innovandojuntos\/wp-content\/uploads\/2024\/01\/image-1-1024x529.png 1024w, https:\/\/digitalfamily.mx\/innovandojuntos\/wp-content\/uploads\/2024\/01\/image-1-300x155.png 300w, https:\/\/digitalfamily.mx\/innovandojuntos\/wp-content\/uploads\/2024\/01\/image-1-768x397.png 768w, https:\/\/digitalfamily.mx\/innovandojuntos\/wp-content\/uploads\/2024\/01\/image-1.png 1297w\" sizes=\"auto, (max-width: 1024px) 100vw, 1024px\" \/><\/figure>\n\n\n\n<p>El reporte, a su vez, se divide en tres partes, para poder elaborar sobre los hallazgos m\u00e1s relevantes de las entrevistas realizadas a referentes en el \u00e1mbito educativo de todo el mundo, entre los que se incluyen expertos en pol\u00edticas, investigadores acad\u00e9micos especializados en educaci\u00f3n, representantes locales, directores y profesores de centros educativos, y l\u00edderes en tecnolog\u00eda educativa.<\/p>\n\n\n\n<h4 class=\"wp-block-heading\">Parte 1<br>Preparaci\u00f3n para un futuro nuevo<\/h4>\n\n\n\n<p>En esta primera parte, podemos obtener informaci\u00f3n detalla sobre por qu\u00e9 es necesario replantear el papel de la educaci\u00f3n en la \u00e9poca actual y en el futuro. Asimismo, nos deja ver las tendencias que est\u00e1n impulsando el cambio y los retos tan complejos que nuestros estudiantes tendr\u00e1n que enfrentar conforme la tecnolog\u00eda avance y el mundo se vuelva m\u00e1s digital.<\/p>\n\n\n\n<p>Prepararlos para un mundo cada vez m\u00e1s vol\u00e1til y cultivar competencias y habilidades esenciales, nos ayudar\u00e1 a asegurar que todos accedan a los conocimientos y herramientas que necesitan para ser seres humanos resilientes y resistentes, capaces de aportar al mundo.<\/p>\n\n\n\n<p>As\u00ed, en esta primera parte haremos un recorrido por tres tendencias importantes:<\/p>\n\n\n\n<ol class=\"wp-block-list\">\n<li>Mayor demanda de soluciones a problemas mundiales<\/li>\n\n\n\n<li>Cambio en las competencias requeridas en el mundo laboral<\/li>\n\n\n\n<li>Transici\u00f3n a una mentalidad de aprendizaje continuo<\/li>\n<\/ol>\n\n\n\n<div class=\"wp-block-buttons is-layout-flex wp-block-buttons-is-layout-flex\">\n<div class=\"wp-block-button is-style-outline is-style-outline--1\"><a class=\"wp-block-button__link wp-element-button\" href=\"https:\/\/services.google.com\/fh\/files\/misc\/es_es_gfe_future_of_education_report_part_1.pdf\" target=\"_blank\" rel=\"noreferrer noopener\">Descarga la Parte 1<\/a><\/div>\n<\/div>\n\n\n\n<div style=\"height:62px\" aria-hidden=\"true\" class=\"wp-block-spacer\"><\/div>\n\n\n\n<h4 class=\"wp-block-heading\">Parte 2<br>Desarrollo de los m\u00e9todos de ense\u00f1anza y aprendizaje<\/h4>\n\n\n\n<p>En esta segunda parte, el informe nos ayuda a entender c\u00f3mo los educadores ven y viven los cambios que ha experimentado la educaci\u00f3n, teniendo en cuenta la velocidad de los avances tecnol\u00f3gicos y lo que esto ha supuesto en su labor docente, poniendo foco especial en la personalizaci\u00f3n del aprendizaje.<\/p>\n\n\n\n<p>Aunque adaptarse a la tecnolog\u00eda ha tra\u00eddo consigo muchos desaf\u00edos, la tecnolog\u00eda promete ayudar a los<br>docentes y responsables a adaptar la ense\u00f1anza al individuo, dar comentarios inmediatos, ofrecer m\u00e1s ayuda y, en definitiva, garantizar que todos los alumnos se sientan incluidos, sin importar sus capacidades o necesidades.<\/p>\n\n\n\n<p>Para esto es necesario evolucionar y no solo en t\u00e9rminos de programas curriculares, equipamiento y tecnolog\u00eda, sino evolucionar tambi\u00e9n <strong><a href=\"https:\/\/digitalfamily.mx\/innovandojuntos\/el-nuevo-rol-del-docente-en-la-era-digital\/\" target=\"_blank\" rel=\"noopener\" title=\"El nuevo rol del docente en la era digital\">el rol de los docentes<\/a><\/strong>, quienes han pasado a ser \u201cguardianes del conocimiento\u201d a \u201ccore\u00f3grafos del aprendizaje\u201d.<\/p>\n\n\n\n<p>En este sentido, la parte 2 del estudio nos ayuda a analizar tres puntos claves importantes dentro del desarrollo de m\u00e9todos de ense\u00f1anza y aprendizaje:<\/p>\n\n\n\n<ol class=\"wp-block-list\">\n<li>Ofrecer un aprendizaje personal<\/li>\n\n\n\n<li>Redise\u00f1o del aprendizaje<\/li>\n\n\n\n<li>Evoluci\u00f3n del docente<\/li>\n<\/ol>\n\n\n\n<div class=\"wp-block-buttons is-layout-flex wp-block-buttons-is-layout-flex\">\n<div class=\"wp-block-button is-style-outline is-style-outline--2\"><a class=\"wp-block-button__link wp-element-button\" href=\"https:\/\/services.google.com\/fh\/files\/misc\/es_es_gfe_future_of_education_report_part_2.pdf\" target=\"_blank\" rel=\"noreferrer noopener\">Descarga la Parte 2<\/a><\/div>\n<\/div>\n\n\n\n<div style=\"height:53px\" aria-hidden=\"true\" class=\"wp-block-spacer\"><\/div>\n\n\n\n<h4 class=\"wp-block-heading\">Parte 3<br>Renovaci\u00f3n de los ecosiste\u00admas&nbsp;de aprendi\u00adzaje<\/h4>\n\n\n\n<p>En la tercera y \u00faltima parte del informe &#8216;El futuro de la educaci\u00f3n&#8217; descubriremos c\u00f3mo est\u00e1n adoptando los docentes un enfoque m\u00e1s sist\u00e9mico en&nbsp;materia de transformaci\u00f3n, redise\u00f1ando&nbsp;el&nbsp;ecosistema educativo seg\u00fan las necesidades&nbsp;de los alumnos.<\/p>\n\n\n\n<p>Durante siglos, la educaci\u00f3n giraba en torno a espacios f\u00edsicos, como el aula, la sala de conferencias, el  colegio o el campus universitario. Sin embargo, la tecnolog\u00eda ofrece a los docentes nuevas formas de optimizar los entornos de aprendizaje y ha fomentado la aparici\u00f3n de diversos modelos educativos.<\/p>\n\n\n\n<p>Por tanto, una de las claves para el \u00e9xito de cualquier entorno educativo en el futuro es la forma de usar la tecnolog\u00eda, as\u00ed como las condiciones necesarias para sacarle provecho. Se ha demostrado que, sin las condiciones id\u00f3neas, limitarse a invertir en llevar m\u00e1s computadoras y dispositivos a los centros educativos puede tener un impacto negativo en el rendimiento de los alumnos.<\/p>\n\n\n\n<p>Redise\u00f1ar los entornos de aprendizaje, se convierte entonces, en una prioridad, combinando la tecnolog\u00eda, la pedagog\u00eda y el espacio f\u00edsico, para garantizar el acceso a la educaci\u00f3n y que nadie se quede atr\u00e1s.<\/p>\n\n\n\n<p>Tres tendencias clave impulsan este cambio: <\/p>\n\n\n\n<ol class=\"wp-block-list\">\n<li>Mejora de los entornos de aprendizaje<\/li>\n\n\n\n<li>Acceso a datos por parte de los docentes<\/li>\n\n\n\n<li>Revaluaci\u00f3n del progreso de los alumnos<\/li>\n<\/ol>\n\n\n\n<div class=\"wp-block-buttons is-layout-flex wp-block-buttons-is-layout-flex\">\n<div class=\"wp-block-button is-style-outline is-style-outline--3\"><a class=\"wp-block-button__link wp-element-button\" href=\"https:\/\/services.google.com\/fh\/files\/misc\/es_es_gfe_future_of_education_report_part_3.pdf\" target=\"_blank\" rel=\"noreferrer noopener\">Descargar la Parte 3<\/a><\/div>\n<\/div>\n\n\n\n<p>Te invitamos a no perder de vista este informe y seguir actualiz\u00e1ndote para formar parte de una transformaci\u00f3n educativa que ya est\u00e1 sucediendo y que necesita que m\u00e1s personas se sumen para poder hacer realidad un <strong><a href=\"https:\/\/digitalfamily.mx\/innovandojuntos\/reimaginando-el-futuro-de-la-educacion\/\" target=\"_blank\" rel=\"noopener\" title=\"Reimaginando el futuro de la educaci\u00f3n\">futuro educativo <\/a><\/strong>inclusivo, innovador y de gran calidad, accesible para todas y todos nuestros estudiantes.<\/p>\n","protected":false},"excerpt":{"rendered":"<p>\u00bfHacia d\u00f3nde va la educaci\u00f3n?, \u00bfqu\u00e9 papel debe desempe\u00f1ar la educaci\u00f3n en los pr\u00f3ximos a\u00f1os?, \u00bfqu\u00e9 retos nos vamos a encontrar? \u00c9stas y muchas otras preguntas tienen respuesta en el informe &#8220;El futuro de la educaci\u00f3n&#8221; creado por Google Workspace en colaboraci\u00f3n con la empresa Canvas8 y con el asesoramiento de American Institutes for Research, [&hellip;]<\/p>\n","protected":false},"author":6,"featured_media":8150,"comment_status":"open","ping_status":"open","sticky":false,"template":"","format":"standard","meta":{"inline_featured_image":false,"_mi_skip_tracking":false,"footnotes":""},"categories":[2],"tags":[29,4,250,31],"class_list":["post-8131","post","type-post","status-publish","format-standard","has-post-thumbnail","hentry","category-noticias","tag-educacion-tecnologica","tag-educacion-y-aprendizaje","tag-el-futuro-de-la-educacion","tag-tecnologias-y-educacion"],"acf":[],"aioseo_notices":[],"_links":{"self":[{"href":"https:\/\/digitalfamily.mx\/innovandojuntos\/wp-json\/wp\/v2\/posts\/8131","targetHints":{"allow":["GET"]}}],"collection":[{"href":"https:\/\/digitalfamily.mx\/innovandojuntos\/wp-json\/wp\/v2\/posts"}],"about":[{"href":"https:\/\/digitalfamily.mx\/innovandojuntos\/wp-json\/wp\/v2\/types\/post"}],"author":[{"embeddable":true,"href":"https:\/\/digitalfamily.mx\/innovandojuntos\/wp-json\/wp\/v2\/users\/6"}],"replies":[{"embeddable":true,"href":"https:\/\/digitalfamily.mx\/innovandojuntos\/wp-json\/wp\/v2\/comments?post=8131"}],"version-history":[{"count":5,"href":"https:\/\/digitalfamily.mx\/innovandojuntos\/wp-json\/wp\/v2\/posts\/8131\/revisions"}],"predecessor-version":[{"id":8156,"href":"https:\/\/digitalfamily.mx\/innovandojuntos\/wp-json\/wp\/v2\/posts\/8131\/revisions\/8156"}],"wp:featuredmedia":[{"embeddable":true,"href":"https:\/\/digitalfamily.mx\/innovandojuntos\/wp-json\/wp\/v2\/media\/8150"}],"wp:attachment":[{"href":"https:\/\/digitalfamily.mx\/innovandojuntos\/wp-json\/wp\/v2\/media?parent=8131"}],"wp:term":[{"taxonomy":"category","embeddable":true,"href":"https:\/\/digitalfamily.mx\/innovandojuntos\/wp-json\/wp\/v2\/categories?post=8131"},{"taxonomy":"post_tag","embeddable":true,"href":"https:\/\/digitalfamily.mx\/innovandojuntos\/wp-json\/wp\/v2\/tags?post=8131"}],"curies":[{"name":"wp","href":"https:\/\/api.w.org\/{rel}","templated":true}]}}